{"id":12511,"date":"2023-05-08T02:14:33","date_gmt":"2023-05-08T02:14:33","guid":{"rendered":"http:\/\/www.culture.gouv.sn\/?p=12511"},"modified":"2023-05-08T02:15:40","modified_gmt":"2023-05-08T02:15:40","slug":"tivaouane-le-ministre-aliou-sow-reitere-les-engagements-du-pr-envers-la-ville-sainte","status":"publish","type":"post","link":"https:\/\/www.culture.gouv.sn\/index.php\/2023\/05\/08\/tivaouane-le-ministre-aliou-sow-reitere-les-engagements-du-pr-envers-la-ville-sainte\/","title":{"rendered":"Tivaouane : Le Ministre Aliou Sow r\u00e9it\u00e8re les engagements du Pr\u00e9sident de la R\u00e9publique envers la ville sainte"},"content":{"rendered":"\n<p>Le Ministre de la Culture et du Patrimoine historique, Professeur Aliou Sow, a assist\u00e9 ce samedi 6 Mai 2023 \u00e0 la 54\u00e8me \u00e9dition de la Journ\u00e9e de pri\u00e8res de Feu Eumeudou Mbaye Maodo, organis\u00e9e par Monsieur El Hadji Mansour Mbaye.<\/p>\n\n\n\n<div class=\"wp-block-image\"><figure class=\"aligncenter size-large\"><img loading=\"lazy\" width=\"768\" height=\"1024\" src=\"https:\/\/www.culture.gouv.sn\/wp-content\/uploads\/2023\/05\/image-768x1024.jpeg\" alt=\"\" class=\"wp-image-12513\" srcset=\"https:\/\/www.culture.gouv.sn\/wp-content\/uploads\/2023\/05\/image-768x1024.jpeg 768w, https:\/\/www.culture.gouv.sn\/wp-content\/uploads\/2023\/05\/image-225x300.jpeg 225w, https:\/\/www.culture.gouv.sn\/wp-content\/uploads\/2023\/05\/image-300x400.jpeg 300w, https:\/\/www.culture.gouv.sn\/wp-content\/uploads\/2023\/05\/image-18x24.jpeg 18w, https:\/\/www.culture.gouv.sn\/wp-content\/uploads\/2023\/05\/image-27x36.jpeg 27w, https:\/\/www.culture.gouv.sn\/wp-content\/uploads\/2023\/05\/image-36x48.jpeg 36w, https:\/\/www.culture.gouv.sn\/wp-content\/uploads\/2023\/05\/image-600x800.jpeg 600w, https:\/\/www.culture.gouv.sn\/wp-content\/uploads\/2023\/05\/image.jpeg 960w\" sizes=\"(max-width: 768px) 100vw, 768px\" \/><\/figure><\/div>\n\n\n\n<p>C\u2019est avec fiert\u00e9 et honneur que le Ministre de la culture a assist\u00e9 \u00e0 cette c\u00e9r\u00e9monie \u00e0 haute port\u00e9e cultuelle et a rappel\u00e9 les ambitions majeures que le Pr\u00e9sident de la R\u00e9publique a \u00e0 l\u2019\u00e9gard de la ville sainte de Tivaouane. D\u2019ailleurs, le Ministre a r\u00e9it\u00e9r\u00e9 l\u2019engagement du Pr\u00e9sident de la R\u00e9publique qui consiste \u00e0 moderniser l\u2019auditorium de la salle de conf\u00e9rence de Tivaouane. Lieu dans lequel s\u2019est tenue la conf\u00e9rence religieuse d\u00e9di\u00e9e \u00e0 Feu Eumeudou Mbaye.&nbsp;<br><\/p>\n\n\n\n<figure class=\"wp-block-image size-large\"><img loading=\"lazy\" width=\"1024\" height=\"552\" src=\"https:\/\/www.culture.gouv.sn\/wp-content\/uploads\/2023\/05\/image-1-1024x552.jpeg\" alt=\"\" class=\"wp-image-12514\" srcset=\"https:\/\/www.culture.gouv.sn\/wp-content\/uploads\/2023\/05\/image-1-1024x552.jpeg 1024w, https:\/\/www.culture.gouv.sn\/wp-content\/uploads\/2023\/05\/image-1-300x162.jpeg 300w, https:\/\/www.culture.gouv.sn\/wp-content\/uploads\/2023\/05\/image-1-768x414.jpeg 768w, https:\/\/www.culture.gouv.sn\/wp-content\/uploads\/2023\/05\/image-1-24x13.jpeg 24w, https:\/\/www.culture.gouv.sn\/wp-content\/uploads\/2023\/05\/image-1-36x19.jpeg 36w, https:\/\/www.culture.gouv.sn\/wp-content\/uploads\/2023\/05\/image-1-48x26.jpeg 48w, https:\/\/www.culture.gouv.sn\/wp-content\/uploads\/2023\/05\/image-1-600x323.jpeg 600w, https:\/\/www.culture.gouv.sn\/wp-content\/uploads\/2023\/05\/image-1-1000x539.jpeg 1000w, https:\/\/www.culture.gouv.sn\/wp-content\/uploads\/2023\/05\/image-1.jpeg 1280w\" sizes=\"(max-width: 1024px) 100vw, 1024px\" \/><\/figure>\n\n\n\n<p>Professeur Aliou Sow, au nom du Pr\u00e9sident de la R\u00e9publique du S\u00e9n\u00e9gal, Son Excellence Monsieur Macky Sall et au nom du Premier Ministre, a rappel\u00e9 les qualit\u00e9s humaines exceptionnelles d\u2019El Hadji Mansour Mbaye qui font de lui un patrimoine vivant de la R\u00e9publique du S\u00e9n\u00e9gal.<\/p>\n\n\n\n<p>Le Pr\u00e9sident des communicateurs traditionnels du S\u00e9n\u00e9gal, fils de Eumadou Mbaye Maodo, la voix du v\u00e9n\u00e9r\u00e9 Elh Hadji Malick Sy, a marqu\u00e9 positivement son \u00e9poque, rappelle le Professeur Aliou Sow. Il ajoute qu\u2019il est un patriote reconnu qui sait se hisser au dessus des clivages en plus d\u2019\u00eatre un fervent talib\u00e9 Cheikh form\u00e9 par l\u2019\u00e9cole de Tivaouane. Un exemple \u00e0 copier par la jeunesse.<\/p>\n\n\n\n<p>\u00ab&nbsp;El Hadji Mansour Mbaye est un homme qui symbolise ce qu\u2019il y a de plus beau dans la soci\u00e9t\u00e9 s\u00e9n\u00e9galaise. Il est imbu de nobles et grandes valeurs humaines qui font de lui un homme d\u2019une dimension exceptionnelle, qui a un parcours et un discours dont on ne peut retenir qu\u2019une seule chose : un appel constant \u00e0 la paix, \u00e0 la coh\u00e9sion nationale et au maintien de nos valeurs traditionnelles et religieuses&nbsp;\u00bb.<\/p>\n\n\n\n<div class=\"wp-block-image\"><figure class=\"aligncenter size-large\"><img loading=\"lazy\" width=\"1024\" height=\"768\" src=\"https:\/\/www.culture.gouv.sn\/wp-content\/uploads\/2023\/05\/image-3-1024x768.jpeg\" alt=\"\" class=\"wp-image-12516\" srcset=\"https:\/\/www.culture.gouv.sn\/wp-content\/uploads\/2023\/05\/image-3-1024x768.jpeg 1024w, https:\/\/www.culture.gouv.sn\/wp-content\/uploads\/2023\/05\/image-3-300x225.jpeg 300w, https:\/\/www.culture.gouv.sn\/wp-content\/uploads\/2023\/05\/image-3-768x576.jpeg 768w, https:\/\/www.culture.gouv.sn\/wp-content\/uploads\/2023\/05\/image-3-24x18.jpeg 24w, https:\/\/www.culture.gouv.sn\/wp-content\/uploads\/2023\/05\/image-3-36x27.jpeg 36w, https:\/\/www.culture.gouv.sn\/wp-content\/uploads\/2023\/05\/image-3-48x36.jpeg 48w, https:\/\/www.culture.gouv.sn\/wp-content\/uploads\/2023\/05\/image-3-600x450.jpeg 600w, https:\/\/www.culture.gouv.sn\/wp-content\/uploads\/2023\/05\/image-3-1000x750.jpeg 1000w, https:\/\/www.culture.gouv.sn\/wp-content\/uploads\/2023\/05\/image-3.jpeg 1280w\" sizes=\"(max-width: 1024px) 100vw, 1024px\" \/><\/figure><\/div>\n\n\n\n<p>Lors de cette visite \u00e0 Tivaouane, l\u2019honorable D\u00e9put\u00e9 Farba a invit\u00e9 \u00e0 d\u00eener le Ministre et sa d\u00e9l\u00e9gation dans son domicile sis \u00e0 Tivaouane.<\/p>\n","protected":false},"excerpt":{"rendered":"<p>Le Ministre de la Culture et du Patrimoine historique, Professeur Aliou Sow, a assist\u00e9 ce samedi 6 Mai 2023 \u00e0 la 54\u00e8me \u00e9dition de la Journ\u00e9e de pri\u00e8res de Feu Eumeudou Mbaye Maodo, organis\u00e9e par Monsieur El Hadji Mansour Mbaye. C\u2019est avec fiert\u00e9 et honneur que le Ministre de la culture a assist\u00e9 \u00e0 cette [&hellip;]<\/p>\n","protected":false},"author":1,"featured_media":12512,"comment_status":"open","ping_status":"open","sticky":true,"template":"","format":"standard","meta":{"ngg_post_thumbnail":0},"categories":[2],"tags":[],"_links":{"self":[{"href":"https:\/\/www.culture.gouv.sn\/index.php\/wp-json\/wp\/v2\/posts\/12511"}],"collection":[{"href":"https:\/\/www.culture.gouv.sn\/index.php\/wp-json\/wp\/v2\/posts"}],"about":[{"href":"https:\/\/www.culture.gouv.sn\/index.php\/wp-json\/wp\/v2\/types\/post"}],"author":[{"embeddable":true,"href":"https:\/\/www.culture.gouv.sn\/index.php\/wp-json\/wp\/v2\/users\/1"}],"replies":[{"embeddable":true,"href":"https:\/\/www.culture.gouv.sn\/index.php\/wp-json\/wp\/v2\/comments?post=12511"}],"version-history":[{"count":3,"href":"https:\/\/www.culture.gouv.sn\/index.php\/wp-json\/wp\/v2\/posts\/12511\/revisions"}],"predecessor-version":[{"id":12519,"href":"https:\/\/www.culture.gouv.sn\/index.php\/wp-json\/wp\/v2\/posts\/12511\/revisions\/12519"}],"wp:featuredmedia":[{"embeddable":true,"href":"https:\/\/www.culture.gouv.sn\/index.php\/wp-json\/wp\/v2\/media\/12512"}],"wp:attachment":[{"href":"https:\/\/www.culture.gouv.sn\/index.php\/wp-json\/wp\/v2\/media?parent=12511"}],"wp:term":[{"taxonomy":"category","embeddable":true,"href":"https:\/\/www.culture.gouv.sn\/index.php\/wp-json\/wp\/v2\/categories?post=12511"},{"taxonomy":"post_tag","embeddable":true,"href":"https:\/\/www.culture.gouv.sn\/index.php\/wp-json\/wp\/v2\/tags?post=12511"}],"curies":[{"name":"wp","href":"https:\/\/api.w.org\/{rel}","templated":true}]}}