{"id":12534,"date":"2023-05-18T19:00:04","date_gmt":"2023-05-18T19:00:04","guid":{"rendered":"http:\/\/www.culture.gouv.sn\/?p=12534"},"modified":"2023-05-22T16:12:06","modified_gmt":"2023-05-22T16:12:06","slug":"sembene-ousmane-250-millions-de-francs-cfa-accorde-au-colloque-de-son-centenaire","status":"publish","type":"post","link":"https:\/\/www.culture.gouv.sn\/index.php\/2023\/05\/18\/sembene-ousmane-250-millions-de-francs-cfa-accorde-au-colloque-de-son-centenaire\/","title":{"rendered":"Sembene Ousmane : 25 millions de francs Cfa accord\u00e9 au Colloque de son centenaire par le MCPH"},"content":{"rendered":"\n<p>Le Ministre de la Culture et du Patrimoine historique a proc\u00e9d\u00e9 ce jeudi 18 Mai 2023 \u00e0 l\u2019ouverture du Colloque international sur Sembene OUSMANE organis\u00e9 par l&rsquo;Unit\u00e9 de Formation et de Recherche &#8211; Civilisation, Religions, Arts et Communication de l&rsquo;Universit\u00e9 Gaston Berger de Saint-Louis.<\/p>\n\n\n\n<p>Le Professeur Aliou Sow \u00e9tait accompagn\u00e9 d\u2019une forte d\u00e9l\u00e9gation compos\u00e9e de divers directeurs et chefs de service du d\u00e9partement.<\/p>\n\n\n\n<p>Le Ministre a fait la le\u00e7on inaugurale du colloque dont le th\u00e8me porte sur: heterotopie des possibles.<\/p>\n\n\n\n<p>A titre de rappel, Ousmane Semb\u00e8ne, \u00e9crivain, sc\u00e9nariste et r\u00e9alisateur s\u00e9n\u00e9galais aurait eu cent ans le 1er janvier 2023. Le Ministre a soulign\u00e9 que Semb\u00e8ne est une figure majeure de l\u2019Afrique contemporaine aussi bien pour son engagement multiforme que les probl\u00e9matiques sociales et politiques dont il s\u2019est saisi. D\u2019o\u00f9 l\u2019importance de ce colloque qui a vu la participation d\u2019\u00e9minents universitaires, chercheurs, \u00e9tudiants. Sans oublier la famille et les sympathisants d\u2019Ousmane Semb\u00e8ne.<\/p>\n\n\n\n<p>D\u2019ailleurs, le Minist\u00e8re de la Culture et du Patrimoine historique a accord\u00e9 une subvention de 25.000.000 F CFA au Colloque. Les \u00e9tudiants en m\u00e9diation culturelle seront \u00e9galement accompagn\u00e9s. Les frais d&rsquo;\u00e9dition de l&rsquo;ouvrage collectif qui sera issu des travaux du colloque seront pris en charge par le Minist\u00e8re.<\/p>\n\n\n\n<p>Le Professeur Aliou Sow s\u2019est \u00e9galement rendu au Mus\u00e9e du Centre de recherches et de documentation du S\u00e9n\u00e9gal \u00e0 Saint-Louis et \u00e0 l\u2019Institut Fran\u00e7ais de Saint-Louis.<\/p>\n","protected":false},"excerpt":{"rendered":"<p>Le Ministre de la Culture et du Patrimoine historique a proc\u00e9d\u00e9 ce jeudi 18 Mai 2023 \u00e0 l\u2019ouverture du Colloque international sur Sembene OUSMANE organis\u00e9 par l&rsquo;Unit\u00e9 de Formation et de Recherche &#8211; Civilisation, Religions, Arts et Communication de l&rsquo;Universit\u00e9 Gaston Berger de Saint-Louis. Le Professeur Aliou Sow \u00e9tait accompagn\u00e9 d\u2019une forte d\u00e9l\u00e9gation compos\u00e9e de [&hellip;]<\/p>\n","protected":false},"author":1,"featured_media":12536,"comment_status":"open","ping_status":"open","sticky":true,"template":"","format":"standard","meta":{"ngg_post_thumbnail":0},"categories":[2],"tags":[],"_links":{"self":[{"href":"https:\/\/www.culture.gouv.sn\/index.php\/wp-json\/wp\/v2\/posts\/12534"}],"collection":[{"href":"https:\/\/www.culture.gouv.sn\/index.php\/wp-json\/wp\/v2\/posts"}],"about":[{"href":"https:\/\/www.culture.gouv.sn\/index.php\/wp-json\/wp\/v2\/types\/post"}],"author":[{"embeddable":true,"href":"https:\/\/www.culture.gouv.sn\/index.php\/wp-json\/wp\/v2\/users\/1"}],"replies":[{"embeddable":true,"href":"https:\/\/www.culture.gouv.sn\/index.php\/wp-json\/wp\/v2\/comments?post=12534"}],"version-history":[{"count":4,"href":"https:\/\/www.culture.gouv.sn\/index.php\/wp-json\/wp\/v2\/posts\/12534\/revisions"}],"predecessor-version":[{"id":12543,"href":"https:\/\/www.culture.gouv.sn\/index.php\/wp-json\/wp\/v2\/posts\/12534\/revisions\/12543"}],"wp:featuredmedia":[{"embeddable":true,"href":"https:\/\/www.culture.gouv.sn\/index.php\/wp-json\/wp\/v2\/media\/12536"}],"wp:attachment":[{"href":"https:\/\/www.culture.gouv.sn\/index.php\/wp-json\/wp\/v2\/media?parent=12534"}],"wp:term":[{"taxonomy":"category","embeddable":true,"href":"https:\/\/www.culture.gouv.sn\/index.php\/wp-json\/wp\/v2\/categories?post=12534"},{"taxonomy":"post_tag","embeddable":true,"href":"https:\/\/www.culture.gouv.sn\/index.php\/wp-json\/wp\/v2\/tags?post=12534"}],"curies":[{"name":"wp","href":"https:\/\/api.w.org\/{rel}","templated":true}]}}