{"id":12566,"date":"2023-06-09T15:02:49","date_gmt":"2023-06-09T15:02:49","guid":{"rendered":"http:\/\/www.culture.gouv.sn\/?p=12566"},"modified":"2023-06-09T15:04:22","modified_gmt":"2023-06-09T15:04:22","slug":"deces-de-mohamadou-ndoye-dit-ndoye-douts-un-grand-artiste-sen-est-alle-professeur-aliou-do","status":"publish","type":"post","link":"https:\/\/www.culture.gouv.sn\/index.php\/2023\/06\/09\/deces-de-mohamadou-ndoye-dit-ndoye-douts-un-grand-artiste-sen-est-alle-professeur-aliou-do\/","title":{"rendered":"D\u00c9C\u00c8S DE MOHAMADOU NDOYE DIT \u00ab NDOYE DOUTS \u00bb : \u00ab UN GRAND ARTISTE S\u2019EN EST ALL\u00c9 \u00bb, PROFESSEUR ALIOU SOW"},"content":{"rendered":"\n<p>Le peintre s\u00e9n\u00e9galais Mohamadou NDOYE, dit \u00ab Ndoye Douts\u00bb est d\u00e9c\u00e9d\u00e9 ce jeudi 8 juin 2023, des suites d\u2019une courte maladie, \u00e0 l\u2019hopital Dalal Diam de Gu\u00e9diawaye. Une grande perte pour le monde de la culture.<\/p>\n\n\n\n<p>Selon le ministre de la Culture et du Patrimoine historique, Professeur Aliou Sow, \u00ab comme Ndary LO, il y a six ann\u00e9es d\u00e9j\u00e0, un grand artiste s\u2019en est all\u00e9. Connu pour le regard juste et vrai, pos\u00e9 sur la cit\u00e9 de la m\u00e9dina pour ce qu\u2019elle est, \u00e0 travers sa vie palpitante, ses quartiers et chaumi\u00e8res en d\u00e9sordre, Ndoye Douts \u00e9tait \u00e2g\u00e9 seulement de cinquante (50) ans. Pur produit de l\u2019Ecole nationale des Arts, les questions li\u00e9es \u00e0 l\u2019habitat et \u00e0 l\u2019urbanisation \u00e9taient son terrain de pr\u00e9dilection. Sur cette th\u00e9matique de la ville, ses \u0153uvres sont expos\u00e9es \u00e0 travers le monde, dans les grandes galeries, les biennales et foires d\u2019art internationales. Sa cr\u00e9ation a \u00e9t\u00e9 document\u00e9e par d\u2019\u00e9minents critiques d\u2019art \u00bb.<\/p>\n\n\n\n<p>Le ministre ajoute qu\u2019au-del\u00e0 de la \u00ab reconnaissance, aux niveaux national et international, de son travail d\u2019une grande beaut\u00e9 et de son amour pour l\u2019art, Ndoye Douts \u00e9tait remarqu\u00e9 par ses qualit\u00e9s humaines que sont l\u2019humilit\u00e9, la disponibilit\u00e9 et la g\u00e9n\u00e9rosit\u00e9 et par son investissement en faveur de la vie au sein de la communaut\u00e9 et d\u2019une politique de la ville pens\u00e9e. J\u2019en veux pour preuve sa contribution dans l\u2019Espace m\u00e9dina, centre d\u2019art urbain contemporain et dans son terroir de Diender o\u00f9 il est retourn\u00e9 \u00bb.<\/p>\n\n\n\n<p>En cette douloureuse circonstance, au nom de Son Excellence Monsieur Macky SALL, Pr\u00e9sident de la R\u00e9publique, et en son nom personnel, le Professeur Aliou Sow pr\u00e9sente les sinc\u00e8res condol\u00e9ances de la nation s\u00e9n\u00e9galaise toute enti\u00e8re \u00e0 la famille \u00e9plor\u00e9e et \u00e0 la communaut\u00e9 artistique.<\/p>\n\n\n\n<p>Que Dieu le Tout Puissant l\u2019accueille en Son paradis c\u00e9leste et le comble de Ses Bienfaits et de Sa Gr\u00e2ce.<\/p>\n","protected":false},"excerpt":{"rendered":"<p>Le peintre s\u00e9n\u00e9galais Mohamadou NDOYE, dit \u00ab Ndoye Douts\u00bb est d\u00e9c\u00e9d\u00e9 ce jeudi 8 juin 2023, des suites d\u2019une courte maladie, \u00e0 l\u2019hopital Dalal Diam de Gu\u00e9diawaye. Une grande perte pour le monde de la culture. Selon le ministre de la Culture et du Patrimoine historique, Professeur Aliou Sow, \u00ab comme Ndary LO, il y [&hellip;]<\/p>\n","protected":false},"author":1,"featured_media":12567,"comment_status":"open","ping_status":"open","sticky":true,"template":"","format":"standard","meta":{"ngg_post_thumbnail":0},"categories":[2],"tags":[],"_links":{"self":[{"href":"https:\/\/www.culture.gouv.sn\/index.php\/wp-json\/wp\/v2\/posts\/12566"}],"collection":[{"href":"https:\/\/www.culture.gouv.sn\/index.php\/wp-json\/wp\/v2\/posts"}],"about":[{"href":"https:\/\/www.culture.gouv.sn\/index.php\/wp-json\/wp\/v2\/types\/post"}],"author":[{"embeddable":true,"href":"https:\/\/www.culture.gouv.sn\/index.php\/wp-json\/wp\/v2\/users\/1"}],"replies":[{"embeddable":true,"href":"https:\/\/www.culture.gouv.sn\/index.php\/wp-json\/wp\/v2\/comments?post=12566"}],"version-history":[{"count":2,"href":"https:\/\/www.culture.gouv.sn\/index.php\/wp-json\/wp\/v2\/posts\/12566\/revisions"}],"predecessor-version":[{"id":12569,"href":"https:\/\/www.culture.gouv.sn\/index.php\/wp-json\/wp\/v2\/posts\/12566\/revisions\/12569"}],"wp:featuredmedia":[{"embeddable":true,"href":"https:\/\/www.culture.gouv.sn\/index.php\/wp-json\/wp\/v2\/media\/12567"}],"wp:attachment":[{"href":"https:\/\/www.culture.gouv.sn\/index.php\/wp-json\/wp\/v2\/media?parent=12566"}],"wp:term":[{"taxonomy":"category","embeddable":true,"href":"https:\/\/www.culture.gouv.sn\/index.php\/wp-json\/wp\/v2\/categories?post=12566"},{"taxonomy":"post_tag","embeddable":true,"href":"https:\/\/www.culture.gouv.sn\/index.php\/wp-json\/wp\/v2\/tags?post=12566"}],"curies":[{"name":"wp","href":"https:\/\/api.w.org\/{rel}","templated":true}]}}