{"id":12572,"date":"2023-06-15T15:12:37","date_gmt":"2023-06-15T15:12:37","guid":{"rendered":"http:\/\/www.culture.gouv.sn\/?p=12572"},"modified":"2023-06-15T15:12:37","modified_gmt":"2023-06-15T15:12:37","slug":"rencontre-des-ministres-de-la-culture-du-g77-plus-la-chine-a-la-havane-cuba","status":"publish","type":"post","link":"https:\/\/www.culture.gouv.sn\/index.php\/2023\/06\/15\/rencontre-des-ministres-de-la-culture-du-g77-plus-la-chine-a-la-havane-cuba\/","title":{"rendered":"Rencontre des Ministres de la  Culture  du  G77 plus La Chine \u00e0 La Havane, Cuba"},"content":{"rendered":"<div id=\"pl-12572\"  class=\"panel-layout\" ><div id=\"pg-12572-0\"  class=\"panel-grid panel-no-style\" ><div id=\"pgc-12572-0-0\"  class=\"panel-grid-cell\" ><div id=\"panel-12572-0-0-0\" class=\"so-panel widget widget_text panel-first-child panel-last-child\" data-index=\"0\" ><h3 class=\"widget-title\">Rencontre des Ministres de la Culture du G77 plus La Chine \u00e0 La Havane, Cuba<\/h3>\t\t\t<div class=\"textwidget\"><div dir=\"auto\">Le Directeur du Patrimoine culturel, Monsieur Oumar BADIANE et le Directeur de l&rsquo;IFAN, le Professeur NDIAYE, sont \u00e0 Cuba pour\u00a0 repr\u00e9senter le Ministre de la Culture et du Patrimoine historique \u00e0 la r\u00e9union des Ministres du G77+ la Chine.<\/div>\n<div dir=\"auto\"><\/div>\n<div dir=\"auto\">Plus de 50 communications sont entendues.<\/div>\n<div dir=\"auto\">Le S\u00e9n\u00e9gal a eu l&rsquo;honneur de livrer son propos devant le Pr\u00e9sident de la R\u00e9publique et le Premier ministre de Cuba.<\/div>\n<div dir=\"auto\"><\/div>\n<div dir=\"auto\">Notre intervention \u00e9tait ax\u00e9e sur l&rsquo;option de notre pays de b\u00e2tir les socles de notre d\u00e9veloppement touristique \u00e0 partir de la vocation premi\u00e8re du patrimoine culturel, \u00e0 savoir l&rsquo;\u00e9ducation aux connaissances et savoirs li\u00e9s \u00e0 notre pass\u00e9 qui transcende l&rsquo;histoire de l&rsquo;humanit\u00e9 par la traite negriere et des LEGS d&rsquo;origine diverse.<\/div>\n<div dir=\"auto\">Cette option d&rsquo;un tourisme \u00e9ducatif repose sur un triangle m\u00e9moriel articul\u00e9 sur 3 sites : L&rsquo;\u00eele de Gor\u00e9e , le Mus\u00e9e des Civilisations noires et le Monument de la Renaissance Africaine.<\/div>\n<div dir=\"auto\"><\/div>\n<div dir=\"auto\">Trois symboles d&rsquo;int\u00e9gration qui visent la transformation de chaque visiteur et visiteuse en Citoyen et Citoyenne affranchis du racisme et de toutes les tares qui tarissent l&rsquo;amour entre peuples du monde en favorisant des conflits fratricides.<\/div>\n<div dir=\"auto\"><\/div>\n<div dir=\"auto\">Le S\u00e9n\u00e9gal qui a fait le choix d&rsquo;\u00eatre un laboratoire de culture citoyenne, s&rsquo;est,\u00a0 d\u00e8s son ind\u00e9pendance fix\u00e9 des rendez-vous qui ont dignement contribu\u00e9 \u00e0 la f\u00e9condation d&rsquo;un monde de paix et de partage \u00e0 travers le festival mondial des arts n\u00e8gres, le Mus\u00e9e des Civilisations noires, la Place du Souvenir africain, la biennale de l\u2019art africain contemporain qui sont autant d&rsquo;adjuvants \u00e0 la Culture de la paix et de la fraternit\u00e9 universelle que notre Pr\u00e9sident et Po\u00e8te \u00e9m\u00e9rite a qualifi\u00e9 de rdv du donner et du recevoir .<\/div>\n<div dir=\"auto\"><\/div>\n<div dir=\"auto\">Le d\u00e9veloppement du tourisme int\u00e9gral par le patrimoine culturel est donc une r\u00e9alit\u00e9 bien s\u00e9n\u00e9galaise qui nous vaut aujourd&rsquo;hui la marque ind\u00e9l\u00e9bile de Pays de la terranga.<\/div>\n<div dir=\"auto\"><\/div>\n<div dir=\"auto\">La d\u00e9l\u00e9gation a aussi effectu\u00e9 une visite \u00e0 l&rsquo;\u00e9cole nationale des arts de Cuba qui est en r\u00e9alit\u00e9 une super structure qui polarise 37 \u00e9tablissements dont 31 sont dominantes en enseignement musical .<\/div>\n<div dir=\"auto\"><\/div>\n<div dir=\"auto\">La d\u00e9l\u00e9gation\u00a0 visitera une agence de restauration du patrimoine b\u00e2ti pour apprendre du Cubain en mati\u00e8re de conservation des sites du patrimoine culturel .<\/div>\n<div dir=\"auto\"><\/div>\n<div dir=\"auto\"><\/div>\n<div dir=\"auto\"><img loading=\"lazy\" class=\"alignnone size-medium wp-image-12578\" src=\"http:\/\/www.culture.gouv.sn\/wp-content\/uploads\/2023\/06\/IMG-20230505-WA0022-300x300.jpg\" alt=\"\" width=\"300\" height=\"300\" srcset=\"https:\/\/www.culture.gouv.sn\/wp-content\/uploads\/2023\/06\/IMG-20230505-WA0022-300x300.jpg 300w, https:\/\/www.culture.gouv.sn\/wp-content\/uploads\/2023\/06\/IMG-20230505-WA0022-150x150.jpg 150w, https:\/\/www.culture.gouv.sn\/wp-content\/uploads\/2023\/06\/IMG-20230505-WA0022-768x768.jpg 768w, https:\/\/www.culture.gouv.sn\/wp-content\/uploads\/2023\/06\/IMG-20230505-WA0022-24x24.jpg 24w, https:\/\/www.culture.gouv.sn\/wp-content\/uploads\/2023\/06\/IMG-20230505-WA0022-36x36.jpg 36w, https:\/\/www.culture.gouv.sn\/wp-content\/uploads\/2023\/06\/IMG-20230505-WA0022-48x48.jpg 48w, https:\/\/www.culture.gouv.sn\/wp-content\/uploads\/2023\/06\/IMG-20230505-WA0022-600x600.jpg 600w, https:\/\/www.culture.gouv.sn\/wp-content\/uploads\/2023\/06\/IMG-20230505-WA0022-100x100.jpg 100w, https:\/\/www.culture.gouv.sn\/wp-content\/uploads\/2023\/06\/IMG-20230505-WA0022-1000x1000.jpg 1000w, https:\/\/www.culture.gouv.sn\/wp-content\/uploads\/2023\/06\/IMG-20230505-WA0022-120x120.jpg 120w, https:\/\/www.culture.gouv.sn\/wp-content\/uploads\/2023\/06\/IMG-20230505-WA0022.jpg 1024w\" sizes=\"(max-width: 300px) 100vw, 300px\" \/>\u00a0 <img loading=\"lazy\" class=\"alignnone size-medium wp-image-12575\" src=\"http:\/\/www.culture.gouv.sn\/wp-content\/uploads\/2023\/06\/IMG-20230505-WA0015-300x300.jpg\" alt=\"\" width=\"300\" height=\"300\" srcset=\"https:\/\/www.culture.gouv.sn\/wp-content\/uploads\/2023\/06\/IMG-20230505-WA0015-300x300.jpg 300w, https:\/\/www.culture.gouv.sn\/wp-content\/uploads\/2023\/06\/IMG-20230505-WA0015-150x150.jpg 150w, https:\/\/www.culture.gouv.sn\/wp-content\/uploads\/2023\/06\/IMG-20230505-WA0015-768x768.jpg 768w, https:\/\/www.culture.gouv.sn\/wp-content\/uploads\/2023\/06\/IMG-20230505-WA0015-24x24.jpg 24w, https:\/\/www.culture.gouv.sn\/wp-content\/uploads\/2023\/06\/IMG-20230505-WA0015-36x36.jpg 36w, https:\/\/www.culture.gouv.sn\/wp-content\/uploads\/2023\/06\/IMG-20230505-WA0015-48x48.jpg 48w, https:\/\/www.culture.gouv.sn\/wp-content\/uploads\/2023\/06\/IMG-20230505-WA0015-600x600.jpg 600w, https:\/\/www.culture.gouv.sn\/wp-content\/uploads\/2023\/06\/IMG-20230505-WA0015-100x100.jpg 100w, https:\/\/www.culture.gouv.sn\/wp-content\/uploads\/2023\/06\/IMG-20230505-WA0015-1000x1000.jpg 1000w, https:\/\/www.culture.gouv.sn\/wp-content\/uploads\/2023\/06\/IMG-20230505-WA0015-120x120.jpg 120w, https:\/\/www.culture.gouv.sn\/wp-content\/uploads\/2023\/06\/IMG-20230505-WA0015.jpg 1024w\" sizes=\"(max-width: 300px) 100vw, 300px\" \/><\/div>\n<div dir=\"auto\"><img loading=\"lazy\" class=\"alignnone size-medium wp-image-12577\" src=\"http:\/\/www.culture.gouv.sn\/wp-content\/uploads\/2023\/06\/IMG-20230505-WA0021-300x300.jpg\" alt=\"\" width=\"300\" height=\"300\" srcset=\"https:\/\/www.culture.gouv.sn\/wp-content\/uploads\/2023\/06\/IMG-20230505-WA0021-300x300.jpg 300w, https:\/\/www.culture.gouv.sn\/wp-content\/uploads\/2023\/06\/IMG-20230505-WA0021-150x150.jpg 150w, https:\/\/www.culture.gouv.sn\/wp-content\/uploads\/2023\/06\/IMG-20230505-WA0021-768x768.jpg 768w, https:\/\/www.culture.gouv.sn\/wp-content\/uploads\/2023\/06\/IMG-20230505-WA0021-24x24.jpg 24w, https:\/\/www.culture.gouv.sn\/wp-content\/uploads\/2023\/06\/IMG-20230505-WA0021-36x36.jpg 36w, https:\/\/www.culture.gouv.sn\/wp-content\/uploads\/2023\/06\/IMG-20230505-WA0021-48x48.jpg 48w, https:\/\/www.culture.gouv.sn\/wp-content\/uploads\/2023\/06\/IMG-20230505-WA0021-600x600.jpg 600w, https:\/\/www.culture.gouv.sn\/wp-content\/uploads\/2023\/06\/IMG-20230505-WA0021-100x100.jpg 100w, https:\/\/www.culture.gouv.sn\/wp-content\/uploads\/2023\/06\/IMG-20230505-WA0021-1000x1000.jpg 1000w, https:\/\/www.culture.gouv.sn\/wp-content\/uploads\/2023\/06\/IMG-20230505-WA0021-120x120.jpg 120w, https:\/\/www.culture.gouv.sn\/wp-content\/uploads\/2023\/06\/IMG-20230505-WA0021.jpg 1024w\" sizes=\"(max-width: 300px) 100vw, 300px\" \/>\u00a0\u00a0<img loading=\"lazy\" class=\"alignnone size-medium wp-image-12574\" src=\"http:\/\/www.culture.gouv.sn\/wp-content\/uploads\/2023\/06\/IMG-20230505-WA0013-300x300.jpg\" alt=\"\" width=\"300\" height=\"300\" srcset=\"https:\/\/www.culture.gouv.sn\/wp-content\/uploads\/2023\/06\/IMG-20230505-WA0013-300x300.jpg 300w, https:\/\/www.culture.gouv.sn\/wp-content\/uploads\/2023\/06\/IMG-20230505-WA0013-150x150.jpg 150w, https:\/\/www.culture.gouv.sn\/wp-content\/uploads\/2023\/06\/IMG-20230505-WA0013-768x768.jpg 768w, https:\/\/www.culture.gouv.sn\/wp-content\/uploads\/2023\/06\/IMG-20230505-WA0013-24x24.jpg 24w, https:\/\/www.culture.gouv.sn\/wp-content\/uploads\/2023\/06\/IMG-20230505-WA0013-36x36.jpg 36w, https:\/\/www.culture.gouv.sn\/wp-content\/uploads\/2023\/06\/IMG-20230505-WA0013-48x48.jpg 48w, https:\/\/www.culture.gouv.sn\/wp-content\/uploads\/2023\/06\/IMG-20230505-WA0013-600x600.jpg 600w, https:\/\/www.culture.gouv.sn\/wp-content\/uploads\/2023\/06\/IMG-20230505-WA0013-100x100.jpg 100w, https:\/\/www.culture.gouv.sn\/wp-content\/uploads\/2023\/06\/IMG-20230505-WA0013-1000x1000.jpg 1000w, https:\/\/www.culture.gouv.sn\/wp-content\/uploads\/2023\/06\/IMG-20230505-WA0013-120x120.jpg 120w, https:\/\/www.culture.gouv.sn\/wp-content\/uploads\/2023\/06\/IMG-20230505-WA0013.jpg 1024w\" sizes=\"(max-width: 300px) 100vw, 300px\" \/><\/div>\n<\/div>\n\t\t<\/div><\/div><\/div><\/div>","protected":false},"excerpt":{"rendered":"<p>Le Directeur du Patrimoine culturel, Monsieur Oumar BADIANE et le Directeur de l&rsquo;IFAN, le Professeur NDIAYE, sont \u00e0 Cuba pour\u00a0 repr\u00e9senter le Ministre de la Culture et du Patrimoine historique \u00e0 la r\u00e9union des Ministres du G77+ la Chine. Plus de 50 communications sont entendues. Le S\u00e9n\u00e9gal a eu l&rsquo;honneur de livrer son propos devant [&hellip;]<\/p>\n","protected":false},"author":1,"featured_media":12576,"comment_status":"open","ping_status":"open","sticky":false,"template":"","format":"standard","meta":{"ngg_post_thumbnail":0},"categories":[2],"tags":[],"_links":{"self":[{"href":"https:\/\/www.culture.gouv.sn\/index.php\/wp-json\/wp\/v2\/posts\/12572"}],"collection":[{"href":"https:\/\/www.culture.gouv.sn\/index.php\/wp-json\/wp\/v2\/posts"}],"about":[{"href":"https:\/\/www.culture.gouv.sn\/index.php\/wp-json\/wp\/v2\/types\/post"}],"author":[{"embeddable":true,"href":"https:\/\/www.culture.gouv.sn\/index.php\/wp-json\/wp\/v2\/users\/1"}],"replies":[{"embeddable":true,"href":"https:\/\/www.culture.gouv.sn\/index.php\/wp-json\/wp\/v2\/comments?post=12572"}],"version-history":[{"count":1,"href":"https:\/\/www.culture.gouv.sn\/index.php\/wp-json\/wp\/v2\/posts\/12572\/revisions"}],"predecessor-version":[{"id":12585,"href":"https:\/\/www.culture.gouv.sn\/index.php\/wp-json\/wp\/v2\/posts\/12572\/revisions\/12585"}],"wp:featuredmedia":[{"embeddable":true,"href":"https:\/\/www.culture.gouv.sn\/index.php\/wp-json\/wp\/v2\/media\/12576"}],"wp:attachment":[{"href":"https:\/\/www.culture.gouv.sn\/index.php\/wp-json\/wp\/v2\/media?parent=12572"}],"wp:term":[{"taxonomy":"category","embeddable":true,"href":"https:\/\/www.culture.gouv.sn\/index.php\/wp-json\/wp\/v2\/categories?post=12572"},{"taxonomy":"post_tag","embeddable":true,"href":"https:\/\/www.culture.gouv.sn\/index.php\/wp-json\/wp\/v2\/tags?post=12572"}],"curies":[{"name":"wp","href":"https:\/\/api.w.org\/{rel}","templated":true}]}}