{"id":12573,"date":"2023-06-15T15:12:47","date_gmt":"2023-06-15T15:12:47","guid":{"rendered":"http:\/\/www.culture.gouv.sn\/?p=12573"},"modified":"2023-06-15T15:12:47","modified_gmt":"2023-06-15T15:12:47","slug":"la-psa-celebre-la-diversite-culturelle","status":"publish","type":"post","link":"https:\/\/www.culture.gouv.sn\/index.php\/2023\/06\/15\/la-psa-celebre-la-diversite-culturelle\/","title":{"rendered":"La PSA c\u00e9l\u00e8bre la Diversit\u00e9 culturelle"},"content":{"rendered":"<div id=\"pl-12573\"  class=\"panel-layout\" ><div id=\"pg-12573-0\"  class=\"panel-grid panel-no-style\" ><div id=\"pgc-12573-0-0\"  class=\"panel-grid-cell\" ><div id=\"panel-12573-0-0-0\" class=\"so-panel widget widget_text panel-first-child panel-last-child\" data-index=\"0\" ><h3 class=\"widget-title\">La PSA c\u00e9l\u00e8bre la Diversit\u00e9 culturelle<\/h3>\t\t\t<div class=\"textwidget\"><div dir=\"auto\">La Place du Souvenir Africain a c\u00e9l\u00e9br\u00e9 la journ\u00e9e mondiale de la diversit\u00e9 culturelle, plac\u00e9e sous le haut patronage du Pr Aliou Sow, Ministre de la Culture et du Patrimoine historique.<\/div>\n<div dir=\"auto\"><\/div>\n<div dir=\"auto\">Le Directeur du Livre et de la Lecture M. Ibrahima LO a repr\u00e9sent\u00e9 le Ministre \u00e0 cette importante activit\u00e9 dont l\u2019objectif est la promotion des cultures, l\u2019inclusion et le respect entre communaut\u00e9s.<\/div>\n<div dir=\"auto\"><\/div>\n<div dir=\"auto\">Le Grand Jaraaf de Ouakam Youssou Ndoye, a honor\u00e9 par sa pr\u00e9sence la c\u00e9r\u00e9monie ainsi que les repr\u00e9sentants\u00a0 des ambassades du Rwanda, du Congo, du Burkina Faso, de la Tunisie et du Ghana.<\/div>\n<div dir=\"auto\"><\/div>\n<div dir=\"auto\">En marge de cette c\u00e9r\u00e9monie, M. Ibrahima Lo a proc\u00e9d\u00e9, en pr\u00e9sence de Son Excellence James Maridadi, Ambassadeur du Zimbabwe \u00e0 Dakar au lancement officiel du Festival \u201c A la Rencontre des Peuples de l\u2019Afrique et de la Diaspora\u201d pr\u00e9vu en 2024 et dont le Zimbabwe est le pays invit\u00e9 d\u2019honneur.<\/div>\n<div dir=\"auto\"><\/div>\n<div dir=\"auto\">L\u2019activit\u00e9 a pris fin avec le vernissage de l\u2019exposition \u201ccorps porteur de symboles\u201d de l\u2019ethno-photographe Matar Ndour.<\/div>\n<div dir=\"auto\"><\/div>\n<div dir=\"auto\"><img loading=\"lazy\" class=\"alignnone size-medium wp-image-12582\" src=\"http:\/\/www.culture.gouv.sn\/wp-content\/uploads\/2023\/06\/IMG-20230614-WA0029-300x273.jpg\" alt=\"\" width=\"300\" height=\"273\" srcset=\"https:\/\/www.culture.gouv.sn\/wp-content\/uploads\/2023\/06\/IMG-20230614-WA0029-300x273.jpg 300w, https:\/\/www.culture.gouv.sn\/wp-content\/uploads\/2023\/06\/IMG-20230614-WA0029-768x700.jpg 768w, https:\/\/www.culture.gouv.sn\/wp-content\/uploads\/2023\/06\/IMG-20230614-WA0029-24x22.jpg 24w, https:\/\/www.culture.gouv.sn\/wp-content\/uploads\/2023\/06\/IMG-20230614-WA0029-36x33.jpg 36w, https:\/\/www.culture.gouv.sn\/wp-content\/uploads\/2023\/06\/IMG-20230614-WA0029-48x44.jpg 48w, https:\/\/www.culture.gouv.sn\/wp-content\/uploads\/2023\/06\/IMG-20230614-WA0029-600x547.jpg 600w, https:\/\/www.culture.gouv.sn\/wp-content\/uploads\/2023\/06\/IMG-20230614-WA0029-1000x911.jpg 1000w, https:\/\/www.culture.gouv.sn\/wp-content\/uploads\/2023\/06\/IMG-20230614-WA0029.jpg 1024w\" sizes=\"(max-width: 300px) 100vw, 300px\" \/>\u00a0 <img loading=\"lazy\" class=\"alignnone size-medium wp-image-12583\" src=\"http:\/\/www.culture.gouv.sn\/wp-content\/uploads\/2023\/06\/IMG-20230614-WA0030-300x225.jpg\" alt=\"\" width=\"300\" height=\"225\" srcset=\"https:\/\/www.culture.gouv.sn\/wp-content\/uploads\/2023\/06\/IMG-20230614-WA0030-300x225.jpg 300w, https:\/\/www.culture.gouv.sn\/wp-content\/uploads\/2023\/06\/IMG-20230614-WA0030-768x576.jpg 768w, https:\/\/www.culture.gouv.sn\/wp-content\/uploads\/2023\/06\/IMG-20230614-WA0030-24x18.jpg 24w, https:\/\/www.culture.gouv.sn\/wp-content\/uploads\/2023\/06\/IMG-20230614-WA0030-36x27.jpg 36w, https:\/\/www.culture.gouv.sn\/wp-content\/uploads\/2023\/06\/IMG-20230614-WA0030-48x36.jpg 48w, https:\/\/www.culture.gouv.sn\/wp-content\/uploads\/2023\/06\/IMG-20230614-WA0030-600x450.jpg 600w, https:\/\/www.culture.gouv.sn\/wp-content\/uploads\/2023\/06\/IMG-20230614-WA0030-1000x750.jpg 1000w, https:\/\/www.culture.gouv.sn\/wp-content\/uploads\/2023\/06\/IMG-20230614-WA0030.jpg 1024w\" sizes=\"(max-width: 300px) 100vw, 300px\" \/><\/div>\n<div dir=\"auto\"><img loading=\"lazy\" class=\"alignnone size-medium wp-image-12581\" src=\"http:\/\/www.culture.gouv.sn\/wp-content\/uploads\/2023\/06\/IMG-20230614-WA0024-300x225.jpg\" alt=\"\" width=\"300\" height=\"225\" srcset=\"https:\/\/www.culture.gouv.sn\/wp-content\/uploads\/2023\/06\/IMG-20230614-WA0024-300x225.jpg 300w, https:\/\/www.culture.gouv.sn\/wp-content\/uploads\/2023\/06\/IMG-20230614-WA0024-768x576.jpg 768w, https:\/\/www.culture.gouv.sn\/wp-content\/uploads\/2023\/06\/IMG-20230614-WA0024-24x18.jpg 24w, https:\/\/www.culture.gouv.sn\/wp-content\/uploads\/2023\/06\/IMG-20230614-WA0024-36x27.jpg 36w, https:\/\/www.culture.gouv.sn\/wp-content\/uploads\/2023\/06\/IMG-20230614-WA0024-48x36.jpg 48w, https:\/\/www.culture.gouv.sn\/wp-content\/uploads\/2023\/06\/IMG-20230614-WA0024-600x450.jpg 600w, https:\/\/www.culture.gouv.sn\/wp-content\/uploads\/2023\/06\/IMG-20230614-WA0024-1000x750.jpg 1000w, https:\/\/www.culture.gouv.sn\/wp-content\/uploads\/2023\/06\/IMG-20230614-WA0024.jpg 1024w\" sizes=\"(max-width: 300px) 100vw, 300px\" \/>\u00a0\u00a0<img loading=\"lazy\" class=\"alignnone size-medium wp-image-12580\" src=\"http:\/\/www.culture.gouv.sn\/wp-content\/uploads\/2023\/06\/IMG-20230614-WA0018-300x234.jpg\" alt=\"\" width=\"300\" height=\"234\" srcset=\"https:\/\/www.culture.gouv.sn\/wp-content\/uploads\/2023\/06\/IMG-20230614-WA0018-300x234.jpg 300w, https:\/\/www.culture.gouv.sn\/wp-content\/uploads\/2023\/06\/IMG-20230614-WA0018-768x599.jpg 768w, https:\/\/www.culture.gouv.sn\/wp-content\/uploads\/2023\/06\/IMG-20230614-WA0018-24x19.jpg 24w, https:\/\/www.culture.gouv.sn\/wp-content\/uploads\/2023\/06\/IMG-20230614-WA0018-36x28.jpg 36w, https:\/\/www.culture.gouv.sn\/wp-content\/uploads\/2023\/06\/IMG-20230614-WA0018-48x37.jpg 48w, https:\/\/www.culture.gouv.sn\/wp-content\/uploads\/2023\/06\/IMG-20230614-WA0018-600x468.jpg 600w, https:\/\/www.culture.gouv.sn\/wp-content\/uploads\/2023\/06\/IMG-20230614-WA0018-1000x779.jpg 1000w, https:\/\/www.culture.gouv.sn\/wp-content\/uploads\/2023\/06\/IMG-20230614-WA0018.jpg 1024w\" sizes=\"(max-width: 300px) 100vw, 300px\" \/><\/div>\n<\/div>\n\t\t<\/div><\/div><\/div><\/div>","protected":false},"excerpt":{"rendered":"<p>La Place du Souvenir Africain a c\u00e9l\u00e9br\u00e9 la journ\u00e9e mondiale de la diversit\u00e9 culturelle, plac\u00e9e sous le haut patronage du Pr Aliou Sow, Ministre de la Culture et du Patrimoine historique. Le Directeur du Livre et de la Lecture M. Ibrahima LO a repr\u00e9sent\u00e9 le Ministre \u00e0 cette importante activit\u00e9 dont l\u2019objectif est la promotion [&hellip;]<\/p>\n","protected":false},"author":1,"featured_media":12584,"comment_status":"open","ping_status":"open","sticky":false,"template":"","format":"standard","meta":{"ngg_post_thumbnail":0},"categories":[2],"tags":[],"_links":{"self":[{"href":"https:\/\/www.culture.gouv.sn\/index.php\/wp-json\/wp\/v2\/posts\/12573"}],"collection":[{"href":"https:\/\/www.culture.gouv.sn\/index.php\/wp-json\/wp\/v2\/posts"}],"about":[{"href":"https:\/\/www.culture.gouv.sn\/index.php\/wp-json\/wp\/v2\/types\/post"}],"author":[{"embeddable":true,"href":"https:\/\/www.culture.gouv.sn\/index.php\/wp-json\/wp\/v2\/users\/1"}],"replies":[{"embeddable":true,"href":"https:\/\/www.culture.gouv.sn\/index.php\/wp-json\/wp\/v2\/comments?post=12573"}],"version-history":[{"count":1,"href":"https:\/\/www.culture.gouv.sn\/index.php\/wp-json\/wp\/v2\/posts\/12573\/revisions"}],"predecessor-version":[{"id":12586,"href":"https:\/\/www.culture.gouv.sn\/index.php\/wp-json\/wp\/v2\/posts\/12573\/revisions\/12586"}],"wp:featuredmedia":[{"embeddable":true,"href":"https:\/\/www.culture.gouv.sn\/index.php\/wp-json\/wp\/v2\/media\/12584"}],"wp:attachment":[{"href":"https:\/\/www.culture.gouv.sn\/index.php\/wp-json\/wp\/v2\/media?parent=12573"}],"wp:term":[{"taxonomy":"category","embeddable":true,"href":"https:\/\/www.culture.gouv.sn\/index.php\/wp-json\/wp\/v2\/categories?post=12573"},{"taxonomy":"post_tag","embeddable":true,"href":"https:\/\/www.culture.gouv.sn\/index.php\/wp-json\/wp\/v2\/tags?post=12573"}],"curies":[{"name":"wp","href":"https:\/\/api.w.org\/{rel}","templated":true}]}}