{"id":12588,"date":"2023-06-24T10:24:47","date_gmt":"2023-06-24T10:24:47","guid":{"rendered":"http:\/\/www.culture.gouv.sn\/?p=12588"},"modified":"2023-06-24T10:28:06","modified_gmt":"2023-06-24T10:28:06","slug":"fete-de-lexcellence-au-lycee-valdiodio-ndiaye-de-kaolack","status":"publish","type":"post","link":"https:\/\/www.culture.gouv.sn\/index.php\/2023\/06\/24\/fete-de-lexcellence-au-lycee-valdiodio-ndiaye-de-kaolack\/","title":{"rendered":"F\u00caTE DE L&rsquo;EXCELLENCE AU LYC\u00c9E VALDIODIO NDIAYE DE KAOLACK"},"content":{"rendered":"\n<p>Ce vendredi 23 juin, le Ministre de la Culture et du Patrimoine Historique, Professeur Aliou SOW , s&rsquo;est rendu au Lyc\u00e9e Valdiodio Ndiaye de Kaolack en compagnie du Gouverneur de la r\u00e9gion de Kaolack, de l&rsquo;adjointe au Maire de la Ville de Kaolack, de plusieurs Directeurs et Pr\u00e9sidents de Conseils d&rsquo;administration.<br>Cette visite avait pour objectif de soutenir et d&rsquo;encourager les \u00e9l\u00e8ves m\u00e9ritants de l&rsquo;\u00e9tablissement comme promis il y&rsquo;a quelques mois.<\/p>\n\n\n\n<p>Au cours de sa visite, le Ministre a accord\u00e9 des subventions aux 10 meilleurs \u00e9l\u00e8ves du Lyc\u00e9e Valdiodio Ndiaye de Kaolack, sous la forme de bourses annuelles de 300 000 Fcfa chacun des 08 et chacun des deux meilleures \u00e9l\u00e8ves en anglais a re\u00e7u une bourse annuelle de 600 000 Fcfa.<\/p>\n\n\n\n<p>Le Ministre a \u00e9galement pris l&rsquo;engagement de subventionner le gouvernement scolaire \u00e0 hauteur de 1 000 000 Fcfa, ainsi que les clubs de l&rsquo;\u00e9cole. Il convient de noter que le Professeur Aliou SOW a occup\u00e9 le poste de Pr\u00e9sident du Foyer socio-\u00e9ducatif des \u00c9l\u00e8ves du Lyc\u00e9e appel\u00e9 maintenant Gouvernement scolaire en 1994 et a dirig\u00e9 le Foyer du CEM Moustapha Ndiaye de KAOLACK pendant deux ann\u00e9es successives en \u00e9tant \u00e9l\u00e8ve en classes de 4e et 3e.<\/p>\n\n\n\n<p>Dans le cadre de sa d\u00e9marche visant \u00e0 promouvoir le patrimoine historique du S\u00e9n\u00e9gal, le Ministre a \u00e9galement invit\u00e9 les \u00e9l\u00e8ves \u00e0 visiter ensemble des sites historiques du pays pendant les vacances scolaires aux frais du Minist\u00e8re en plus du parcours culturel du Minist\u00e8re.<\/p>\n\n\n\n<p>Depuis quelques semaines, le Ministre est entrain de faire r\u00e9habiliter la salle des professeurs du lyc\u00e9e qui sera tr\u00e8s bien \u00e9quip\u00e9e.<\/p>\n\n\n\n<p>Un don de livres et d&rsquo;ordinateurs est pr\u00e9vu pour la biblioth\u00e8que du Lyc\u00e9e.<\/p>\n\n\n\n<p>Le Proviseur a exprim\u00e9 sa gratitude envers le Ministre pour cet acte en faveur de son ancienne \u00e9cole et a encourag\u00e9 les \u00e9l\u00e8ves \u00e0 prendre exemple sur le Professeur Aliou SOW, ministre de la Culture et du Patrimoine historique. Le Pr\u00e9sident du Gouvernement scolaire, les parents d&rsquo;\u00e9l\u00e8ves et les enseignants ont \u00e9galement exprim\u00e9 leur reconnaissance envers le Ministre pour son engagement au service de la jeunesse qui repr\u00e9sente l&rsquo;avenir de la nation.<\/p>\n\n\n\n<p>Avant sa prise de parole, le Professeur SOW a invit\u00e9 le Professeur Abdoulaye Racine Senghor, ancien du Lyc\u00e9e Gaston Berger et PCA du Mus\u00e9e des Civilisations noires \u00e0 d\u00e9livrer un message sur l&rsquo;excellence scolaire.<\/p>\n\n\n\n<p>Le Ministre a re\u00e7u plusieurs cadeaux de la part des acteurs culturels de Kaolack et des \u00e9l\u00e8ves du Lyc\u00e9e.<\/p>\n\n\n\n<p>Cette visite du Ministre et les subventions accord\u00e9es t\u00e9moignent de l&rsquo;importance accord\u00e9e \u00e0 l&rsquo;\u00e9ducation et au patrimoine historique au S\u00e9n\u00e9gal. Elles contribuent \u00e0 encourager l&rsquo;excellence scolaire et \u00e0 valoriser l&rsquo;histoire et la culture du pays.<\/p>\n","protected":false},"excerpt":{"rendered":"<p>Ce vendredi 23 juin, le Ministre de la Culture et du Patrimoine Historique, Professeur Aliou SOW , s&rsquo;est rendu au Lyc\u00e9e Valdiodio Ndiaye de Kaolack en compagnie du Gouverneur de la r\u00e9gion de Kaolack, de l&rsquo;adjointe au Maire de la Ville de Kaolack, de plusieurs Directeurs et Pr\u00e9sidents de Conseils d&rsquo;administration.Cette visite avait pour objectif [&hellip;]<\/p>\n","protected":false},"author":1,"featured_media":12589,"comment_status":"open","ping_status":"open","sticky":true,"template":"","format":"standard","meta":{"ngg_post_thumbnail":0},"categories":[2],"tags":[],"_links":{"self":[{"href":"https:\/\/www.culture.gouv.sn\/index.php\/wp-json\/wp\/v2\/posts\/12588"}],"collection":[{"href":"https:\/\/www.culture.gouv.sn\/index.php\/wp-json\/wp\/v2\/posts"}],"about":[{"href":"https:\/\/www.culture.gouv.sn\/index.php\/wp-json\/wp\/v2\/types\/post"}],"author":[{"embeddable":true,"href":"https:\/\/www.culture.gouv.sn\/index.php\/wp-json\/wp\/v2\/users\/1"}],"replies":[{"embeddable":true,"href":"https:\/\/www.culture.gouv.sn\/index.php\/wp-json\/wp\/v2\/comments?post=12588"}],"version-history":[{"count":1,"href":"https:\/\/www.culture.gouv.sn\/index.php\/wp-json\/wp\/v2\/posts\/12588\/revisions"}],"predecessor-version":[{"id":12590,"href":"https:\/\/www.culture.gouv.sn\/index.php\/wp-json\/wp\/v2\/posts\/12588\/revisions\/12590"}],"wp:featuredmedia":[{"embeddable":true,"href":"https:\/\/www.culture.gouv.sn\/index.php\/wp-json\/wp\/v2\/media\/12589"}],"wp:attachment":[{"href":"https:\/\/www.culture.gouv.sn\/index.php\/wp-json\/wp\/v2\/media?parent=12588"}],"wp:term":[{"taxonomy":"category","embeddable":true,"href":"https:\/\/www.culture.gouv.sn\/index.php\/wp-json\/wp\/v2\/categories?post=12588"},{"taxonomy":"post_tag","embeddable":true,"href":"https:\/\/www.culture.gouv.sn\/index.php\/wp-json\/wp\/v2\/tags?post=12588"}],"curies":[{"name":"wp","href":"https:\/\/api.w.org\/{rel}","templated":true}]}}