{"id":12604,"date":"2023-06-27T10:57:39","date_gmt":"2023-06-27T10:57:39","guid":{"rendered":"http:\/\/www.culture.gouv.sn\/?p=12604"},"modified":"2023-06-27T10:57:39","modified_gmt":"2023-06-27T10:57:39","slug":"memorial-bateau-le-joola-a-ziguinchor-le-projet-bientot-paracheve","status":"publish","type":"post","link":"https:\/\/www.culture.gouv.sn\/index.php\/2023\/06\/27\/memorial-bateau-le-joola-a-ziguinchor-le-projet-bientot-paracheve\/","title":{"rendered":"M\u00e9morial bateau le Joola \u00e0 Ziguinchor: Le projet bient\u00f4t parachev\u00e9"},"content":{"rendered":"<div id=\"pl-12604\"  class=\"panel-layout\" ><div id=\"pg-12604-0\"  class=\"panel-grid panel-no-style\" ><div id=\"pgc-12604-0-0\"  class=\"panel-grid-cell\" ><div id=\"panel-12604-0-0-0\" class=\"so-panel widget widget_text panel-first-child panel-last-child\" data-index=\"0\" ><h3 class=\"widget-title\">M\u00e9morial bateau le Joola \u00e0 Ziguinchor: Le projet bient\u00f4t parachev\u00e9<\/h3>\t\t\t<div class=\"textwidget\"><p>Le projet de construction du M\u00e9morial bateau le Joola, lanc\u00e9 par l\u2019Etat du S\u00e9n\u00e9gal il y a maintenant huit ans, sera enfin parachev\u00e9 dans les nouveaux d\u00e9lais voulus par le Chef de l&rsquo;Etat, Macky SALL.<\/p>\n<p>Conform\u00e9ment aux directives et instructions du Pr\u00e9sident de la R\u00e9publique et avec les diligences du Ministre des Finances et du Budget, le chantier avance \u00e0 pas de g\u00e9ant \u00e0 Ziguinchor sur la Place des Naufrag\u00e9s.<\/p>\n<p>L&rsquo;\u00e9tude d&rsquo;opportunit\u00e9 est boucl\u00e9e. Le projet de d\u00e9cret relatif au statut du M\u00e9morial (cr\u00e9ation, organisation et fonctionnement) est d\u00e9j\u00e0 \u00e9labor\u00e9 et sera mis dans le circuit administratif dans les meilleurs d\u00e9lais.<\/p>\n<p>Le M\u00e9morial Bateau le Joola, un M\u00e9morial contre l\u2019oubli est un projet phare et l\u2019une des formes d&rsquo;expression les plus concr\u00e8tes de la politique culturelle du Pr\u00e9sident Macky SALL.<\/p>\n<p>&nbsp;<\/p>\n<p><img loading=\"lazy\" class=\"alignnone size-medium wp-image-12610\" src=\"http:\/\/www.culture.gouv.sn\/wp-content\/uploads\/2023\/06\/IMG-20230626-WA0028-225x300.jpg\" alt=\"\" width=\"225\" height=\"300\" srcset=\"https:\/\/www.culture.gouv.sn\/wp-content\/uploads\/2023\/06\/IMG-20230626-WA0028-225x300.jpg 225w, https:\/\/www.culture.gouv.sn\/wp-content\/uploads\/2023\/06\/IMG-20230626-WA0028-300x400.jpg 300w, https:\/\/www.culture.gouv.sn\/wp-content\/uploads\/2023\/06\/IMG-20230626-WA0028-18x24.jpg 18w, https:\/\/www.culture.gouv.sn\/wp-content\/uploads\/2023\/06\/IMG-20230626-WA0028-27x36.jpg 27w, https:\/\/www.culture.gouv.sn\/wp-content\/uploads\/2023\/06\/IMG-20230626-WA0028-36x48.jpg 36w, https:\/\/www.culture.gouv.sn\/wp-content\/uploads\/2023\/06\/IMG-20230626-WA0028-600x800.jpg 600w, https:\/\/www.culture.gouv.sn\/wp-content\/uploads\/2023\/06\/IMG-20230626-WA0028.jpg 768w\" sizes=\"(max-width: 225px) 100vw, 225px\" \/>\u00a0\u00a0<img loading=\"lazy\" class=\"alignnone size-medium wp-image-12606\" src=\"http:\/\/www.culture.gouv.sn\/wp-content\/uploads\/2023\/06\/IMG-20230626-WA0016-300x225.jpg\" alt=\"\" width=\"300\" height=\"225\" srcset=\"https:\/\/www.culture.gouv.sn\/wp-content\/uploads\/2023\/06\/IMG-20230626-WA0016-300x225.jpg 300w, https:\/\/www.culture.gouv.sn\/wp-content\/uploads\/2023\/06\/IMG-20230626-WA0016-768x576.jpg 768w, https:\/\/www.culture.gouv.sn\/wp-content\/uploads\/2023\/06\/IMG-20230626-WA0016-24x18.jpg 24w, https:\/\/www.culture.gouv.sn\/wp-content\/uploads\/2023\/06\/IMG-20230626-WA0016-36x27.jpg 36w, https:\/\/www.culture.gouv.sn\/wp-content\/uploads\/2023\/06\/IMG-20230626-WA0016-48x36.jpg 48w, https:\/\/www.culture.gouv.sn\/wp-content\/uploads\/2023\/06\/IMG-20230626-WA0016-600x450.jpg 600w, https:\/\/www.culture.gouv.sn\/wp-content\/uploads\/2023\/06\/IMG-20230626-WA0016-1000x750.jpg 1000w, https:\/\/www.culture.gouv.sn\/wp-content\/uploads\/2023\/06\/IMG-20230626-WA0016.jpg 1024w\" sizes=\"(max-width: 300px) 100vw, 300px\" \/><\/p>\n<p><img loading=\"lazy\" class=\"alignnone size-medium wp-image-12612\" src=\"http:\/\/www.culture.gouv.sn\/wp-content\/uploads\/2023\/06\/IMG-20230626-WA0014-300x225.jpg\" alt=\"\" width=\"300\" height=\"225\" srcset=\"https:\/\/www.culture.gouv.sn\/wp-content\/uploads\/2023\/06\/IMG-20230626-WA0014-300x225.jpg 300w, https:\/\/www.culture.gouv.sn\/wp-content\/uploads\/2023\/06\/IMG-20230626-WA0014-768x576.jpg 768w, https:\/\/www.culture.gouv.sn\/wp-content\/uploads\/2023\/06\/IMG-20230626-WA0014-24x18.jpg 24w, https:\/\/www.culture.gouv.sn\/wp-content\/uploads\/2023\/06\/IMG-20230626-WA0014-36x27.jpg 36w, https:\/\/www.culture.gouv.sn\/wp-content\/uploads\/2023\/06\/IMG-20230626-WA0014-48x36.jpg 48w, https:\/\/www.culture.gouv.sn\/wp-content\/uploads\/2023\/06\/IMG-20230626-WA0014-600x450.jpg 600w, https:\/\/www.culture.gouv.sn\/wp-content\/uploads\/2023\/06\/IMG-20230626-WA0014-1000x750.jpg 1000w, https:\/\/www.culture.gouv.sn\/wp-content\/uploads\/2023\/06\/IMG-20230626-WA0014.jpg 1024w\" sizes=\"(max-width: 300px) 100vw, 300px\" \/>\u00a0\u00a0<img loading=\"lazy\" class=\"alignnone size-medium wp-image-12607\" src=\"http:\/\/www.culture.gouv.sn\/wp-content\/uploads\/2023\/06\/IMG-20230626-WA0017-225x300.jpg\" alt=\"\" width=\"225\" height=\"300\" srcset=\"https:\/\/www.culture.gouv.sn\/wp-content\/uploads\/2023\/06\/IMG-20230626-WA0017-225x300.jpg 225w, https:\/\/www.culture.gouv.sn\/wp-content\/uploads\/2023\/06\/IMG-20230626-WA0017-300x400.jpg 300w, https:\/\/www.culture.gouv.sn\/wp-content\/uploads\/2023\/06\/IMG-20230626-WA0017-18x24.jpg 18w, https:\/\/www.culture.gouv.sn\/wp-content\/uploads\/2023\/06\/IMG-20230626-WA0017-27x36.jpg 27w, https:\/\/www.culture.gouv.sn\/wp-content\/uploads\/2023\/06\/IMG-20230626-WA0017-36x48.jpg 36w, https:\/\/www.culture.gouv.sn\/wp-content\/uploads\/2023\/06\/IMG-20230626-WA0017-600x800.jpg 600w, https:\/\/www.culture.gouv.sn\/wp-content\/uploads\/2023\/06\/IMG-20230626-WA0017.jpg 768w\" sizes=\"(max-width: 225px) 100vw, 225px\" \/><\/p>\n<\/div>\n\t\t<\/div><\/div><\/div><\/div>","protected":false},"excerpt":{"rendered":"<p>Le projet de construction du M\u00e9morial bateau le Joola, lanc\u00e9 par l\u2019Etat du S\u00e9n\u00e9gal il y a maintenant huit ans, sera enfin parachev\u00e9 dans les nouveaux d\u00e9lais voulus par le Chef de l&rsquo;Etat, Macky SALL. Conform\u00e9ment aux directives et instructions du Pr\u00e9sident de la R\u00e9publique et avec les diligences du Ministre des Finances et du [&hellip;]<\/p>\n","protected":false},"author":1,"featured_media":12610,"comment_status":"open","ping_status":"open","sticky":false,"template":"","format":"standard","meta":{"ngg_post_thumbnail":0},"categories":[2],"tags":[],"_links":{"self":[{"href":"https:\/\/www.culture.gouv.sn\/index.php\/wp-json\/wp\/v2\/posts\/12604"}],"collection":[{"href":"https:\/\/www.culture.gouv.sn\/index.php\/wp-json\/wp\/v2\/posts"}],"about":[{"href":"https:\/\/www.culture.gouv.sn\/index.php\/wp-json\/wp\/v2\/types\/post"}],"author":[{"embeddable":true,"href":"https:\/\/www.culture.gouv.sn\/index.php\/wp-json\/wp\/v2\/users\/1"}],"replies":[{"embeddable":true,"href":"https:\/\/www.culture.gouv.sn\/index.php\/wp-json\/wp\/v2\/comments?post=12604"}],"version-history":[{"count":2,"href":"https:\/\/www.culture.gouv.sn\/index.php\/wp-json\/wp\/v2\/posts\/12604\/revisions"}],"predecessor-version":[{"id":12615,"href":"https:\/\/www.culture.gouv.sn\/index.php\/wp-json\/wp\/v2\/posts\/12604\/revisions\/12615"}],"wp:featuredmedia":[{"embeddable":true,"href":"https:\/\/www.culture.gouv.sn\/index.php\/wp-json\/wp\/v2\/media\/12610"}],"wp:attachment":[{"href":"https:\/\/www.culture.gouv.sn\/index.php\/wp-json\/wp\/v2\/media?parent=12604"}],"wp:term":[{"taxonomy":"category","embeddable":true,"href":"https:\/\/www.culture.gouv.sn\/index.php\/wp-json\/wp\/v2\/categories?post=12604"},{"taxonomy":"post_tag","embeddable":true,"href":"https:\/\/www.culture.gouv.sn\/index.php\/wp-json\/wp\/v2\/tags?post=12604"}],"curies":[{"name":"wp","href":"https:\/\/api.w.org\/{rel}","templated":true}]}}