{"id":12616,"date":"2023-06-27T14:06:12","date_gmt":"2023-06-27T14:06:12","guid":{"rendered":"http:\/\/www.culture.gouv.sn\/?p=12616"},"modified":"2023-06-27T14:08:47","modified_gmt":"2023-06-27T14:08:47","slug":"ceremonie-de-remise-des-cheques-du-fonds-de-developpement-des-cultures-urbaines-fdcu","status":"publish","type":"post","link":"https:\/\/www.culture.gouv.sn\/index.php\/2023\/06\/27\/ceremonie-de-remise-des-cheques-du-fonds-de-developpement-des-cultures-urbaines-fdcu\/","title":{"rendered":"C\u00e9r\u00e9monie de Remise des Ch\u00e8ques du Fonds de D\u00e9veloppement des Cultures Urbaines (FDCU)"},"content":{"rendered":"\n<p>La c\u00e9r\u00e9monie  de Remise des Ch\u00e8ques du Fonds de D\u00e9veloppement des Cultures Urbaines (FDCU) a eu lieu ce mardi 27 juin 2023 \u00e0 la Maison de la Culture Douta Seck. Ce, sous la pr\u00e9sidence de Monsieur le Ministre de la Culture et du Patrimoine Historique, Professeur Aliou Sow.<\/p>\n\n\n\n<p>Cette phase deux a permis la remise d\u2019un montant total de 113.000.000 Fcfa aux acteurs des cultures urbaines de la r\u00e9gion de Dakar et de Thies.<\/p>\n\n\n\n<figure class=\"wp-block-image size-large\"><img loading=\"lazy\" width=\"1024\" height=\"768\" src=\"https:\/\/www.culture.gouv.sn\/wp-content\/uploads\/2023\/06\/image-1024x768.jpeg\" alt=\"\" class=\"wp-image-12621\" srcset=\"https:\/\/www.culture.gouv.sn\/wp-content\/uploads\/2023\/06\/image-1024x768.jpeg 1024w, https:\/\/www.culture.gouv.sn\/wp-content\/uploads\/2023\/06\/image-300x225.jpeg 300w, https:\/\/www.culture.gouv.sn\/wp-content\/uploads\/2023\/06\/image-768x576.jpeg 768w, https:\/\/www.culture.gouv.sn\/wp-content\/uploads\/2023\/06\/image-24x18.jpeg 24w, https:\/\/www.culture.gouv.sn\/wp-content\/uploads\/2023\/06\/image-36x27.jpeg 36w, https:\/\/www.culture.gouv.sn\/wp-content\/uploads\/2023\/06\/image-48x36.jpeg 48w, https:\/\/www.culture.gouv.sn\/wp-content\/uploads\/2023\/06\/image-600x450.jpeg 600w, https:\/\/www.culture.gouv.sn\/wp-content\/uploads\/2023\/06\/image-1000x750.jpeg 1000w, https:\/\/www.culture.gouv.sn\/wp-content\/uploads\/2023\/06\/image.jpeg 1280w\" sizes=\"(max-width: 1024px) 100vw, 1024px\" \/><\/figure>\n\n\n\n<p>La c\u00e9r\u00e9monie s&rsquo;est d\u00e9roul\u00e9e en pr\u00e9sence de la Directrice des Arts, Mme Khoudia Diagne, de Monsieur Habib L\u00e9on Ndiaye, Secr\u00e9taire G\u00e9n\u00e9ral du Minist\u00e8re de la Culture et du Patrimoine historique.<\/p>\n\n\n\n<p>Le Ministre a lors de sa prise de parole, f\u00e9licit\u00e9 la Directrice des Arts, Mme Khoudia Diagne, pour son engagement et pour le travail exemplaire qu&rsquo;elle et son \u00e9quipe accomplissent dans le domaine des arts et de la culture.<\/p>\n\n\n\n<p>Cette remise des ch\u00e8ques marque le d\u00e9but d&rsquo;une s\u00e9rie d\u2019appuis financiers qui seront aussi accord\u00e9s aux r\u00e9gions de Kaffrine, Kaolack, Fatick et Diourbel, situ\u00e9es dans la r\u00e9gion centrale du S\u00e9n\u00e9gal.<\/p>\n\n\n\n<p>Le Minist\u00e8re de la Culture et du Patrimoine Historique r\u00e9affirme ainsi son engagement en faveur du d\u00e9veloppement des cultures urbaines et de la valorisation du patrimoine culturel s\u00e9n\u00e9galais.<\/p>\n","protected":false},"excerpt":{"rendered":"<p>La c\u00e9r\u00e9monie de Remise des Ch\u00e8ques du Fonds de D\u00e9veloppement des Cultures Urbaines (FDCU) a eu lieu ce mardi 27 juin 2023 \u00e0 la Maison de la Culture Douta Seck. Ce, sous la pr\u00e9sidence de Monsieur le Ministre de la Culture et du Patrimoine Historique, Professeur Aliou Sow. Cette phase deux a permis la remise [&hellip;]<\/p>\n","protected":false},"author":1,"featured_media":12618,"comment_status":"open","ping_status":"open","sticky":true,"template":"","format":"standard","meta":{"ngg_post_thumbnail":0},"categories":[2],"tags":[],"_links":{"self":[{"href":"https:\/\/www.culture.gouv.sn\/index.php\/wp-json\/wp\/v2\/posts\/12616"}],"collection":[{"href":"https:\/\/www.culture.gouv.sn\/index.php\/wp-json\/wp\/v2\/posts"}],"about":[{"href":"https:\/\/www.culture.gouv.sn\/index.php\/wp-json\/wp\/v2\/types\/post"}],"author":[{"embeddable":true,"href":"https:\/\/www.culture.gouv.sn\/index.php\/wp-json\/wp\/v2\/users\/1"}],"replies":[{"embeddable":true,"href":"https:\/\/www.culture.gouv.sn\/index.php\/wp-json\/wp\/v2\/comments?post=12616"}],"version-history":[{"count":4,"href":"https:\/\/www.culture.gouv.sn\/index.php\/wp-json\/wp\/v2\/posts\/12616\/revisions"}],"predecessor-version":[{"id":12623,"href":"https:\/\/www.culture.gouv.sn\/index.php\/wp-json\/wp\/v2\/posts\/12616\/revisions\/12623"}],"wp:featuredmedia":[{"embeddable":true,"href":"https:\/\/www.culture.gouv.sn\/index.php\/wp-json\/wp\/v2\/media\/12618"}],"wp:attachment":[{"href":"https:\/\/www.culture.gouv.sn\/index.php\/wp-json\/wp\/v2\/media?parent=12616"}],"wp:term":[{"taxonomy":"category","embeddable":true,"href":"https:\/\/www.culture.gouv.sn\/index.php\/wp-json\/wp\/v2\/categories?post=12616"},{"taxonomy":"post_tag","embeddable":true,"href":"https:\/\/www.culture.gouv.sn\/index.php\/wp-json\/wp\/v2\/tags?post=12616"}],"curies":[{"name":"wp","href":"https:\/\/api.w.org\/{rel}","templated":true}]}}