{"id":12646,"date":"2023-07-13T22:00:48","date_gmt":"2023-07-13T22:00:48","guid":{"rendered":"http:\/\/www.culture.gouv.sn\/?p=12646"},"modified":"2023-07-13T22:00:49","modified_gmt":"2023-07-13T22:00:49","slug":"visite-de-chantier-du-memorial-le-joola-linfrastructure-en-phase-de-finition","status":"publish","type":"post","link":"https:\/\/www.culture.gouv.sn\/index.php\/2023\/07\/13\/visite-de-chantier-du-memorial-le-joola-linfrastructure-en-phase-de-finition\/","title":{"rendered":"Visite de chantier du M\u00e9morial le Joola &#8211; L&rsquo;infrastructure en phase de finition"},"content":{"rendered":"\n<p>Le ministre de la Culture et du Patrimoine historique a effectu\u00e9 ce jeudi 13 juillet 2023, une visite du chantier du \u00ab M\u00e9morial bateau Le Joola \u00e0 Ziguinchor.<br>Aliou Sow \u00e9tait venu constater l&rsquo;\u00e9tat d&rsquo;avancement des travaux de ce grand projet culturel du Gouvernement en Casamance.<\/p>\n\n\n\n<p>Au terme de cette visite effectu\u00e9e au pas de charge en compagnie du Gouverneur de la r\u00e9gion, du pr\u00e9fet et de l&rsquo;administratrice du M\u00e9morial, le ministre a exprim\u00e9 sa satisfaction sur l&rsquo;\u00e9volution des travaux.<\/p>\n\n\n\n<div class=\"wp-block-image\"><figure class=\"aligncenter size-large\"><img loading=\"lazy\" width=\"1024\" height=\"768\" src=\"https:\/\/www.culture.gouv.sn\/wp-content\/uploads\/2023\/07\/image-1024x768.jpeg\" alt=\"\" class=\"wp-image-12648\" srcset=\"https:\/\/www.culture.gouv.sn\/wp-content\/uploads\/2023\/07\/image-1024x768.jpeg 1024w, https:\/\/www.culture.gouv.sn\/wp-content\/uploads\/2023\/07\/image-300x225.jpeg 300w, https:\/\/www.culture.gouv.sn\/wp-content\/uploads\/2023\/07\/image-768x576.jpeg 768w, https:\/\/www.culture.gouv.sn\/wp-content\/uploads\/2023\/07\/image-24x18.jpeg 24w, https:\/\/www.culture.gouv.sn\/wp-content\/uploads\/2023\/07\/image-36x27.jpeg 36w, https:\/\/www.culture.gouv.sn\/wp-content\/uploads\/2023\/07\/image-48x36.jpeg 48w, https:\/\/www.culture.gouv.sn\/wp-content\/uploads\/2023\/07\/image-600x450.jpeg 600w, https:\/\/www.culture.gouv.sn\/wp-content\/uploads\/2023\/07\/image-1000x750.jpeg 1000w, https:\/\/www.culture.gouv.sn\/wp-content\/uploads\/2023\/07\/image.jpeg 1080w\" sizes=\"(max-width: 1024px) 100vw, 1024px\" \/><\/figure><\/div>\n\n\n\n<p>\u00ab\u00a0Nous sommes dans les derni\u00e8res finitions avant la r\u00e9ception de l&rsquo;infrastructure. Il reste quelques travaux et installationq et j&rsquo;esp\u00e8re que le Chef de l&rsquo;Etat pourrait l&rsquo;inaugurer tr\u00e8s bient\u00f4t\u00a0\u00bb selon le Professeur Aliou Sow.<\/p>\n\n\n\n<p>Le m\u00e9morial sera un lieu de m\u00e9moire, de souvenir, de p\u00e8lerinage, de d\u00e9couverte. Le ministre a inform\u00e9 que les dispositions n\u00e9cessaires sont d&rsquo;ores et d\u00e9j\u00e0 prises pour rendre fonctionnelle l&rsquo;infrastructure. Il s&rsquo;agit entre autres du d\u00e9cret portant organisation et fonctionnement de l&rsquo;\u00e9tablissement public \u00e0 caract\u00e8re administratif.[<\/p>\n","protected":false},"excerpt":{"rendered":"<p>Le ministre de la Culture et du Patrimoine historique a effectu\u00e9 ce jeudi 13 juillet 2023, une visite du chantier du \u00ab M\u00e9morial bateau Le Joola \u00e0 Ziguinchor.Aliou Sow \u00e9tait venu constater l&rsquo;\u00e9tat d&rsquo;avancement des travaux de ce grand projet culturel du Gouvernement en Casamance. Au terme de cette visite effectu\u00e9e au pas de charge [&hellip;]<\/p>\n","protected":false},"author":1,"featured_media":12647,"comment_status":"open","ping_status":"open","sticky":true,"template":"","format":"standard","meta":{"ngg_post_thumbnail":0},"categories":[1],"tags":[],"_links":{"self":[{"href":"https:\/\/www.culture.gouv.sn\/index.php\/wp-json\/wp\/v2\/posts\/12646"}],"collection":[{"href":"https:\/\/www.culture.gouv.sn\/index.php\/wp-json\/wp\/v2\/posts"}],"about":[{"href":"https:\/\/www.culture.gouv.sn\/index.php\/wp-json\/wp\/v2\/types\/post"}],"author":[{"embeddable":true,"href":"https:\/\/www.culture.gouv.sn\/index.php\/wp-json\/wp\/v2\/users\/1"}],"replies":[{"embeddable":true,"href":"https:\/\/www.culture.gouv.sn\/index.php\/wp-json\/wp\/v2\/comments?post=12646"}],"version-history":[{"count":1,"href":"https:\/\/www.culture.gouv.sn\/index.php\/wp-json\/wp\/v2\/posts\/12646\/revisions"}],"predecessor-version":[{"id":12649,"href":"https:\/\/www.culture.gouv.sn\/index.php\/wp-json\/wp\/v2\/posts\/12646\/revisions\/12649"}],"wp:featuredmedia":[{"embeddable":true,"href":"https:\/\/www.culture.gouv.sn\/index.php\/wp-json\/wp\/v2\/media\/12647"}],"wp:attachment":[{"href":"https:\/\/www.culture.gouv.sn\/index.php\/wp-json\/wp\/v2\/media?parent=12646"}],"wp:term":[{"taxonomy":"category","embeddable":true,"href":"https:\/\/www.culture.gouv.sn\/index.php\/wp-json\/wp\/v2\/categories?post=12646"},{"taxonomy":"post_tag","embeddable":true,"href":"https:\/\/www.culture.gouv.sn\/index.php\/wp-json\/wp\/v2\/tags?post=12646"}],"curies":[{"name":"wp","href":"https:\/\/api.w.org\/{rel}","templated":true}]}}