{"id":12701,"date":"2023-08-10T15:30:13","date_gmt":"2023-08-10T15:30:13","guid":{"rendered":"http:\/\/www.culture.gouv.sn\/?p=12701"},"modified":"2023-08-10T15:30:13","modified_gmt":"2023-08-10T15:30:13","slug":"grand-prix-du-chef-de-letat-pour-les-lettres-20-millions-remis-a-la-laureate-aminata-sow-fall","status":"publish","type":"post","link":"https:\/\/www.culture.gouv.sn\/index.php\/2023\/08\/10\/grand-prix-du-chef-de-letat-pour-les-lettres-20-millions-remis-a-la-laureate-aminata-sow-fall\/","title":{"rendered":"Grand Prix du Chef de l&rsquo;\u00c9tat pour les Lettres: 20 millions remis \u00e0 la laur\u00e9ate Aminata Sow Fall"},"content":{"rendered":"<div id=\"pl-12701\"  class=\"panel-layout\" ><div id=\"pg-12701-0\"  class=\"panel-grid panel-no-style\" ><div id=\"pgc-12701-0-0\"  class=\"panel-grid-cell\" ><div id=\"panel-12701-0-0-0\" class=\"so-panel widget widget_text panel-first-child panel-last-child\" data-index=\"0\" ><h3 class=\"widget-title\">Grand Prix du Chef de l&rsquo;\u00c9tat pour les Lettres: 20 millions remis \u00e0 la laur\u00e9ate Aminata Sow Fall<\/h3>\t\t\t<div class=\"textwidget\"><div dir=\"auto\">Sur d\u00e9cision de Son Excellence Monsieur Macky SALL, Pr\u00e9sident de la R\u00e9publique du S\u00e9n\u00e9gal, il a \u00e9t\u00e9 d\u00e9cern\u00e9 \u00e0 notre illustre compatriote, Madame Aminata SOW FALL le Grand Prix du Chef de l&rsquo;Etat pour les lettres, \u00e0 titre exceptionnel et hors comp\u00e9tition pour l&rsquo;ensemble de son \u0153uvre.<\/div>\n<div dir=\"auto\">\u00a0En attendant la c\u00e9r\u00e9monie d&rsquo;hommage, en marge de la r\u00e9union hebdomadaire de coordination du Minist\u00e8re tenue ce mardi 8 Ao\u00fbt 2023,\u00a0 le ministre de la Culture et du Patrimoine historique a remis au nom du Chef de l&rsquo;Etat un ch\u00e8que de 20.000.000 F CFA (vingt millions de francs CFA) au repr\u00e9sentant de la laur\u00e9ate, son fils Abdoulaye SOW.<\/div>\n<div dir=\"auto\">Le Ministre a f\u00e9licit\u00e9 le Directeur du Livre et de la Lecture pour le suivi diligent de ce dossier d&rsquo;une haute importance.<\/div>\n<\/div>\n\t\t<\/div><\/div><\/div><\/div>","protected":false},"excerpt":{"rendered":"<p>Sur d\u00e9cision de Son Excellence Monsieur Macky SALL, Pr\u00e9sident de la R\u00e9publique du S\u00e9n\u00e9gal, il a \u00e9t\u00e9 d\u00e9cern\u00e9 \u00e0 notre illustre compatriote, Madame Aminata SOW FALL le Grand Prix du Chef de l&rsquo;Etat pour les lettres, \u00e0 titre exceptionnel et hors comp\u00e9tition pour l&rsquo;ensemble de son \u0153uvre. \u00a0En attendant la c\u00e9r\u00e9monie d&rsquo;hommage, en marge de [&hellip;]<\/p>\n","protected":false},"author":1,"featured_media":12698,"comment_status":"open","ping_status":"open","sticky":false,"template":"","format":"standard","meta":{"ngg_post_thumbnail":0},"categories":[2],"tags":[],"_links":{"self":[{"href":"https:\/\/www.culture.gouv.sn\/index.php\/wp-json\/wp\/v2\/posts\/12701"}],"collection":[{"href":"https:\/\/www.culture.gouv.sn\/index.php\/wp-json\/wp\/v2\/posts"}],"about":[{"href":"https:\/\/www.culture.gouv.sn\/index.php\/wp-json\/wp\/v2\/types\/post"}],"author":[{"embeddable":true,"href":"https:\/\/www.culture.gouv.sn\/index.php\/wp-json\/wp\/v2\/users\/1"}],"replies":[{"embeddable":true,"href":"https:\/\/www.culture.gouv.sn\/index.php\/wp-json\/wp\/v2\/comments?post=12701"}],"version-history":[{"count":1,"href":"https:\/\/www.culture.gouv.sn\/index.php\/wp-json\/wp\/v2\/posts\/12701\/revisions"}],"predecessor-version":[{"id":12702,"href":"https:\/\/www.culture.gouv.sn\/index.php\/wp-json\/wp\/v2\/posts\/12701\/revisions\/12702"}],"wp:featuredmedia":[{"embeddable":true,"href":"https:\/\/www.culture.gouv.sn\/index.php\/wp-json\/wp\/v2\/media\/12698"}],"wp:attachment":[{"href":"https:\/\/www.culture.gouv.sn\/index.php\/wp-json\/wp\/v2\/media?parent=12701"}],"wp:term":[{"taxonomy":"category","embeddable":true,"href":"https:\/\/www.culture.gouv.sn\/index.php\/wp-json\/wp\/v2\/categories?post=12701"},{"taxonomy":"post_tag","embeddable":true,"href":"https:\/\/www.culture.gouv.sn\/index.php\/wp-json\/wp\/v2\/tags?post=12701"}],"curies":[{"name":"wp","href":"https:\/\/api.w.org\/{rel}","templated":true}]}}