{"id":12854,"date":"2023-10-21T00:40:09","date_gmt":"2023-10-21T00:40:09","guid":{"rendered":"http:\/\/www.culture.gouv.sn\/?p=12854"},"modified":"2023-10-21T00:40:09","modified_gmt":"2023-10-21T00:40:09","slug":"inauguration-du-totem-sorano-sunugal-dune-salle-de-sport-et-de-deux-bus","status":"publish","type":"post","link":"https:\/\/www.culture.gouv.sn\/index.php\/2023\/10\/21\/inauguration-du-totem-sorano-sunugal-dune-salle-de-sport-et-de-deux-bus\/","title":{"rendered":"Inauguration du totem \u00a0\u00bb SORANO-SUNUGAL \u00ab\u00a0, d&rsquo;une salle de sport et de deux bus"},"content":{"rendered":"<div id=\"pl-12854\"  class=\"panel-layout\" ><div id=\"pg-12854-0\"  class=\"panel-grid panel-no-style\" ><div id=\"pgc-12854-0-0\"  class=\"panel-grid-cell\" ><div id=\"panel-12854-0-0-0\" class=\"so-panel widget widget_text panel-first-child panel-last-child\" data-index=\"0\" ><h3 class=\"widget-title\">Inauguration du totem \u00a0\u00bb SORANO-SUNUGAL \u00ab\u00a0, d&rsquo;une salle de sport et de deux bus<\/h3>\t\t\t<div class=\"textwidget\"><p>Ce jeudi m\u00e9morable du 19 octobre 2023, Le Professeur Aliou Sow, ministre de la Culture et du Patrimoine Historique a eu l&rsquo;honneur de pr\u00e9sider la prestigieuse c\u00e9r\u00e9monie d&rsquo;inauguration du Totem \u00ab\u00a0SORANO-SUNUGAL\u00a0\u00bb au th\u00e9\u00e2tre national Daniel Sorano, aux c\u00f4t\u00e9s de son coll\u00e8gue M. Birame Faye, ministre de l&rsquo;Artisanat et de la Transformation du Secteur Informel.<\/p>\n<p>Cette cr\u00e9ation artistique exceptionnelle, \u00e9manant du talent remarquable des jeunes artistes s\u00e9n\u00e9galais, d\u00e9sormais \u00e9rig\u00e9e sur le boulevard de la R\u00e9publique, illumine notre culture et projette une image vibrante du S\u00e9n\u00e9gal. La r\u00e9ception des deux bus d\u00e9di\u00e9s aux artistes et techniciens du Th\u00e9\u00e2tre National Daniel Sorano, ainsi que l&rsquo;inauguration de la nouvelle salle de sports, soulignent son engagement envers le soutien continu \u00e0 l&rsquo;\u00e9panouissement artistique et professionnel.<\/p>\n<p>Le Professeur Aliou Sow tient \u00e0 exprimer ses f\u00e9licitations sinc\u00e8res aux jeunes artistes dont la cr\u00e9ativit\u00e9 a donn\u00e9 vie \u00e0 ce magnifique TOTEM. Leur \u0153uvre devient une repr\u00e9sentation embl\u00e9matique de notre patrimoine culturel, rayonnant du boulevard de Dakar jusqu&rsquo;au Palais de la R\u00e9publique. Il r\u00e9it\u00e8re son engagement envers ces jeunes talents exceptionnels et il est reconnaissant pour les t\u00e9moignages partag\u00e9s depuis le d\u00e9but de son mandat \u00e0 la t\u00eate du minist\u00e8re de la Culture et du Patrimoine Historique.<\/p>\n<p>Le Professeur Aliou Sow f\u00e9licite M. Ousmane Barro Dione, Directeur du Th\u00e9\u00e2tre National Daniel Sorano, pour ses innovations, son engagement exemplaire et le travail remarquable accompli au cours de cette ann\u00e9e. La grandeur de cette c\u00e9r\u00e9monie, marqu\u00e9e par la pr\u00e9sence distingu\u00e9e de nombreuses personnalit\u00e9s du monde de la Culture, t\u00e9moigne de l&rsquo;impact significatif que son travail collectif a sur la sc\u00e8ne culturelle nationale.<\/p>\n<p><img loading=\"lazy\" class=\"alignnone size-medium wp-image-12866\" src=\"http:\/\/www.culture.gouv.sn\/wp-content\/uploads\/2023\/10\/IMG-20231020-WA0014-300x210.jpg\" alt=\"\" width=\"300\" height=\"210\" srcset=\"https:\/\/www.culture.gouv.sn\/wp-content\/uploads\/2023\/10\/IMG-20231020-WA0014-300x210.jpg 300w, https:\/\/www.culture.gouv.sn\/wp-content\/uploads\/2023\/10\/IMG-20231020-WA0014-768x539.jpg 768w, https:\/\/www.culture.gouv.sn\/wp-content\/uploads\/2023\/10\/IMG-20231020-WA0014-24x17.jpg 24w, https:\/\/www.culture.gouv.sn\/wp-content\/uploads\/2023\/10\/IMG-20231020-WA0014-36x25.jpg 36w, https:\/\/www.culture.gouv.sn\/wp-content\/uploads\/2023\/10\/IMG-20231020-WA0014-48x34.jpg 48w, https:\/\/www.culture.gouv.sn\/wp-content\/uploads\/2023\/10\/IMG-20231020-WA0014-600x421.jpg 600w, https:\/\/www.culture.gouv.sn\/wp-content\/uploads\/2023\/10\/IMG-20231020-WA0014-1000x701.jpg 1000w, https:\/\/www.culture.gouv.sn\/wp-content\/uploads\/2023\/10\/IMG-20231020-WA0014-400x280.jpg 400w, https:\/\/www.culture.gouv.sn\/wp-content\/uploads\/2023\/10\/IMG-20231020-WA0014.jpg 1024w\" sizes=\"(max-width: 300px) 100vw, 300px\" \/>\u00a0 <img loading=\"lazy\" class=\"alignnone size-medium wp-image-12863\" src=\"http:\/\/www.culture.gouv.sn\/wp-content\/uploads\/2023\/10\/IMG-20231020-WA0008-300x225.jpg\" alt=\"\" width=\"300\" height=\"225\" srcset=\"https:\/\/www.culture.gouv.sn\/wp-content\/uploads\/2023\/10\/IMG-20231020-WA0008-300x225.jpg 300w, https:\/\/www.culture.gouv.sn\/wp-content\/uploads\/2023\/10\/IMG-20231020-WA0008-768x576.jpg 768w, https:\/\/www.culture.gouv.sn\/wp-content\/uploads\/2023\/10\/IMG-20231020-WA0008-24x18.jpg 24w, https:\/\/www.culture.gouv.sn\/wp-content\/uploads\/2023\/10\/IMG-20231020-WA0008-36x27.jpg 36w, https:\/\/www.culture.gouv.sn\/wp-content\/uploads\/2023\/10\/IMG-20231020-WA0008-48x36.jpg 48w, https:\/\/www.culture.gouv.sn\/wp-content\/uploads\/2023\/10\/IMG-20231020-WA0008-600x450.jpg 600w, https:\/\/www.culture.gouv.sn\/wp-content\/uploads\/2023\/10\/IMG-20231020-WA0008-1000x750.jpg 1000w, https:\/\/www.culture.gouv.sn\/wp-content\/uploads\/2023\/10\/IMG-20231020-WA0008.jpg 1024w\" sizes=\"(max-width: 300px) 100vw, 300px\" \/><\/p>\n<p><img loading=\"lazy\" class=\"alignnone size-medium wp-image-12864\" src=\"http:\/\/www.culture.gouv.sn\/wp-content\/uploads\/2023\/10\/IMG-20231020-WA0010-300x225.jpg\" alt=\"\" width=\"300\" height=\"225\" srcset=\"https:\/\/www.culture.gouv.sn\/wp-content\/uploads\/2023\/10\/IMG-20231020-WA0010-300x225.jpg 300w, https:\/\/www.culture.gouv.sn\/wp-content\/uploads\/2023\/10\/IMG-20231020-WA0010-768x576.jpg 768w, https:\/\/www.culture.gouv.sn\/wp-content\/uploads\/2023\/10\/IMG-20231020-WA0010-24x18.jpg 24w, https:\/\/www.culture.gouv.sn\/wp-content\/uploads\/2023\/10\/IMG-20231020-WA0010-36x27.jpg 36w, https:\/\/www.culture.gouv.sn\/wp-content\/uploads\/2023\/10\/IMG-20231020-WA0010-48x36.jpg 48w, https:\/\/www.culture.gouv.sn\/wp-content\/uploads\/2023\/10\/IMG-20231020-WA0010-600x450.jpg 600w, https:\/\/www.culture.gouv.sn\/wp-content\/uploads\/2023\/10\/IMG-20231020-WA0010-1000x750.jpg 1000w, https:\/\/www.culture.gouv.sn\/wp-content\/uploads\/2023\/10\/IMG-20231020-WA0010.jpg 1024w\" sizes=\"(max-width: 300px) 100vw, 300px\" \/>\u00a0\u00a0<img loading=\"lazy\" class=\"alignnone size-medium wp-image-12863\" src=\"http:\/\/www.culture.gouv.sn\/wp-content\/uploads\/2023\/10\/IMG-20231020-WA0008-300x225.jpg\" alt=\"\" width=\"300\" height=\"225\" srcset=\"https:\/\/www.culture.gouv.sn\/wp-content\/uploads\/2023\/10\/IMG-20231020-WA0008-300x225.jpg 300w, https:\/\/www.culture.gouv.sn\/wp-content\/uploads\/2023\/10\/IMG-20231020-WA0008-768x576.jpg 768w, https:\/\/www.culture.gouv.sn\/wp-content\/uploads\/2023\/10\/IMG-20231020-WA0008-24x18.jpg 24w, https:\/\/www.culture.gouv.sn\/wp-content\/uploads\/2023\/10\/IMG-20231020-WA0008-36x27.jpg 36w, https:\/\/www.culture.gouv.sn\/wp-content\/uploads\/2023\/10\/IMG-20231020-WA0008-48x36.jpg 48w, https:\/\/www.culture.gouv.sn\/wp-content\/uploads\/2023\/10\/IMG-20231020-WA0008-600x450.jpg 600w, https:\/\/www.culture.gouv.sn\/wp-content\/uploads\/2023\/10\/IMG-20231020-WA0008-1000x750.jpg 1000w, https:\/\/www.culture.gouv.sn\/wp-content\/uploads\/2023\/10\/IMG-20231020-WA0008.jpg 1024w\" sizes=\"(max-width: 300px) 100vw, 300px\" \/><\/p>\n<\/div>\n\t\t<\/div><\/div><\/div><\/div>","protected":false},"excerpt":{"rendered":"<p>Ce jeudi m\u00e9morable du 19 octobre 2023, Le Professeur Aliou Sow, ministre de la Culture et du Patrimoine Historique a eu l&rsquo;honneur de pr\u00e9sider la prestigieuse c\u00e9r\u00e9monie d&rsquo;inauguration du Totem \u00ab\u00a0SORANO-SUNUGAL\u00a0\u00bb au th\u00e9\u00e2tre national Daniel Sorano, aux c\u00f4t\u00e9s de son coll\u00e8gue M. Birame Faye, ministre de l&rsquo;Artisanat et de la Transformation du Secteur Informel. Cette [&hellip;]<\/p>\n","protected":false},"author":1,"featured_media":12862,"comment_status":"open","ping_status":"open","sticky":false,"template":"","format":"standard","meta":{"ngg_post_thumbnail":0},"categories":[2],"tags":[],"_links":{"self":[{"href":"https:\/\/www.culture.gouv.sn\/index.php\/wp-json\/wp\/v2\/posts\/12854"}],"collection":[{"href":"https:\/\/www.culture.gouv.sn\/index.php\/wp-json\/wp\/v2\/posts"}],"about":[{"href":"https:\/\/www.culture.gouv.sn\/index.php\/wp-json\/wp\/v2\/types\/post"}],"author":[{"embeddable":true,"href":"https:\/\/www.culture.gouv.sn\/index.php\/wp-json\/wp\/v2\/users\/1"}],"replies":[{"embeddable":true,"href":"https:\/\/www.culture.gouv.sn\/index.php\/wp-json\/wp\/v2\/comments?post=12854"}],"version-history":[{"count":1,"href":"https:\/\/www.culture.gouv.sn\/index.php\/wp-json\/wp\/v2\/posts\/12854\/revisions"}],"predecessor-version":[{"id":12874,"href":"https:\/\/www.culture.gouv.sn\/index.php\/wp-json\/wp\/v2\/posts\/12854\/revisions\/12874"}],"wp:featuredmedia":[{"embeddable":true,"href":"https:\/\/www.culture.gouv.sn\/index.php\/wp-json\/wp\/v2\/media\/12862"}],"wp:attachment":[{"href":"https:\/\/www.culture.gouv.sn\/index.php\/wp-json\/wp\/v2\/media?parent=12854"}],"wp:term":[{"taxonomy":"category","embeddable":true,"href":"https:\/\/www.culture.gouv.sn\/index.php\/wp-json\/wp\/v2\/categories?post=12854"},{"taxonomy":"post_tag","embeddable":true,"href":"https:\/\/www.culture.gouv.sn\/index.php\/wp-json\/wp\/v2\/tags?post=12854"}],"curies":[{"name":"wp","href":"https:\/\/api.w.org\/{rel}","templated":true}]}}