{"id":12885,"date":"2023-10-23T13:03:27","date_gmt":"2023-10-23T13:03:27","guid":{"rendered":"http:\/\/www.culture.gouv.sn\/?p=12885"},"modified":"2023-10-23T13:03:27","modified_gmt":"2023-10-23T13:03:27","slug":"letat-du-senegal-souhaite-acquerir-la-totalite-du-fonds-senghor","status":"publish","type":"post","link":"https:\/\/www.culture.gouv.sn\/index.php\/2023\/10\/23\/letat-du-senegal-souhaite-acquerir-la-totalite-du-fonds-senghor\/","title":{"rendered":"L&rsquo;Etat du S\u00e9n\u00e9gal souhaite acqu\u00e9rir la totalit\u00e9 du fonds SENGHOR"},"content":{"rendered":"<div id=\"pl-12885\"  class=\"panel-layout\" ><div id=\"pg-12885-0\"  class=\"panel-grid panel-no-style\" ><div id=\"pgc-12885-0-0\"  class=\"panel-grid-cell\" ><div id=\"panel-12885-0-0-0\" class=\"so-panel widget widget_text panel-first-child panel-last-child\" data-index=\"0\" ><h3 class=\"widget-title\">L&rsquo;Etat du S\u00e9n\u00e9gal souhaite acqu\u00e9rir la totalit\u00e9 du fonds SENGHOR<\/h3>\t\t\t<div class=\"textwidget\"><p>Professeur Aliou Sow, ministre de la Culture et du Patrimoine Historique, a \u00e9t\u00e9 d\u00e9sign\u00e9 par SEM Macky Sall pour repr\u00e9senter le S\u00e9n\u00e9gal dans l&rsquo;acquisition des biens de l&rsquo;ancien pr\u00e9sident L\u00e9opold S\u00e9dar Senghor en France.<\/p>\n<p>Cette mission vise \u00e0 pr\u00e9server la souverainet\u00e9 et l&rsquo;h\u00e9ritage senghorien. Actuellement, le Professeur Aliou Sow est engag\u00e9 dans des pourparlers pour assurer que ces objets d&rsquo;une importance historique demeurent une part int\u00e9grante du patrimoine culturel du S\u00e9n\u00e9gal.<\/p>\n<p><img loading=\"lazy\" class=\"alignnone size-medium wp-image-12877\" src=\"http:\/\/www.culture.gouv.sn\/wp-content\/uploads\/2023\/10\/IMG-20231021-WA0002-300x169.jpg\" alt=\"\" width=\"300\" height=\"169\" srcset=\"https:\/\/www.culture.gouv.sn\/wp-content\/uploads\/2023\/10\/IMG-20231021-WA0002-300x169.jpg 300w, https:\/\/www.culture.gouv.sn\/wp-content\/uploads\/2023\/10\/IMG-20231021-WA0002-768x432.jpg 768w, https:\/\/www.culture.gouv.sn\/wp-content\/uploads\/2023\/10\/IMG-20231021-WA0002-24x14.jpg 24w, https:\/\/www.culture.gouv.sn\/wp-content\/uploads\/2023\/10\/IMG-20231021-WA0002-36x20.jpg 36w, https:\/\/www.culture.gouv.sn\/wp-content\/uploads\/2023\/10\/IMG-20231021-WA0002-48x27.jpg 48w, https:\/\/www.culture.gouv.sn\/wp-content\/uploads\/2023\/10\/IMG-20231021-WA0002-600x338.jpg 600w, https:\/\/www.culture.gouv.sn\/wp-content\/uploads\/2023\/10\/IMG-20231021-WA0002.jpg 960w\" sizes=\"(max-width: 300px) 100vw, 300px\" \/> <img loading=\"lazy\" class=\"alignnone size-medium wp-image-12880\" src=\"http:\/\/www.culture.gouv.sn\/wp-content\/uploads\/2023\/10\/IMG-20231021-WA0005-300x169.jpg\" alt=\"\" width=\"300\" height=\"169\" srcset=\"https:\/\/www.culture.gouv.sn\/wp-content\/uploads\/2023\/10\/IMG-20231021-WA0005-300x169.jpg 300w, https:\/\/www.culture.gouv.sn\/wp-content\/uploads\/2023\/10\/IMG-20231021-WA0005-768x432.jpg 768w, https:\/\/www.culture.gouv.sn\/wp-content\/uploads\/2023\/10\/IMG-20231021-WA0005-24x14.jpg 24w, https:\/\/www.culture.gouv.sn\/wp-content\/uploads\/2023\/10\/IMG-20231021-WA0005-36x20.jpg 36w, https:\/\/www.culture.gouv.sn\/wp-content\/uploads\/2023\/10\/IMG-20231021-WA0005-48x27.jpg 48w, https:\/\/www.culture.gouv.sn\/wp-content\/uploads\/2023\/10\/IMG-20231021-WA0005-600x338.jpg 600w, https:\/\/www.culture.gouv.sn\/wp-content\/uploads\/2023\/10\/IMG-20231021-WA0005.jpg 960w\" sizes=\"(max-width: 300px) 100vw, 300px\" \/><\/p>\n<p><img loading=\"lazy\" class=\"alignnone size-medium wp-image-12881\" src=\"http:\/\/www.culture.gouv.sn\/wp-content\/uploads\/2023\/10\/IMG-20231021-WA0006-300x169.jpg\" alt=\"\" width=\"300\" height=\"169\" srcset=\"https:\/\/www.culture.gouv.sn\/wp-content\/uploads\/2023\/10\/IMG-20231021-WA0006-300x169.jpg 300w, https:\/\/www.culture.gouv.sn\/wp-content\/uploads\/2023\/10\/IMG-20231021-WA0006-768x432.jpg 768w, https:\/\/www.culture.gouv.sn\/wp-content\/uploads\/2023\/10\/IMG-20231021-WA0006-24x14.jpg 24w, https:\/\/www.culture.gouv.sn\/wp-content\/uploads\/2023\/10\/IMG-20231021-WA0006-36x20.jpg 36w, https:\/\/www.culture.gouv.sn\/wp-content\/uploads\/2023\/10\/IMG-20231021-WA0006-48x27.jpg 48w, https:\/\/www.culture.gouv.sn\/wp-content\/uploads\/2023\/10\/IMG-20231021-WA0006-600x338.jpg 600w, https:\/\/www.culture.gouv.sn\/wp-content\/uploads\/2023\/10\/IMG-20231021-WA0006.jpg 960w\" sizes=\"(max-width: 300px) 100vw, 300px\" \/> <img loading=\"lazy\" class=\"alignnone size-medium wp-image-12879\" src=\"http:\/\/www.culture.gouv.sn\/wp-content\/uploads\/2023\/10\/IMG-20231021-WA0004-300x169.jpg\" alt=\"\" width=\"300\" height=\"169\" srcset=\"https:\/\/www.culture.gouv.sn\/wp-content\/uploads\/2023\/10\/IMG-20231021-WA0004-300x169.jpg 300w, https:\/\/www.culture.gouv.sn\/wp-content\/uploads\/2023\/10\/IMG-20231021-WA0004-768x432.jpg 768w, https:\/\/www.culture.gouv.sn\/wp-content\/uploads\/2023\/10\/IMG-20231021-WA0004-24x14.jpg 24w, https:\/\/www.culture.gouv.sn\/wp-content\/uploads\/2023\/10\/IMG-20231021-WA0004-36x20.jpg 36w, https:\/\/www.culture.gouv.sn\/wp-content\/uploads\/2023\/10\/IMG-20231021-WA0004-48x27.jpg 48w, https:\/\/www.culture.gouv.sn\/wp-content\/uploads\/2023\/10\/IMG-20231021-WA0004-600x338.jpg 600w, https:\/\/www.culture.gouv.sn\/wp-content\/uploads\/2023\/10\/IMG-20231021-WA0004.jpg 960w\" sizes=\"(max-width: 300px) 100vw, 300px\" \/><\/p>\n<\/div>\n\t\t<\/div><\/div><\/div><\/div>","protected":false},"excerpt":{"rendered":"<p>Professeur Aliou Sow, ministre de la Culture et du Patrimoine Historique, a \u00e9t\u00e9 d\u00e9sign\u00e9 par SEM Macky Sall pour repr\u00e9senter le S\u00e9n\u00e9gal dans l&rsquo;acquisition des biens de l&rsquo;ancien pr\u00e9sident L\u00e9opold S\u00e9dar Senghor en France. Cette mission vise \u00e0 pr\u00e9server la souverainet\u00e9 et l&rsquo;h\u00e9ritage senghorien. Actuellement, le Professeur Aliou Sow est engag\u00e9 dans des pourparlers pour [&hellip;]<\/p>\n","protected":false},"author":1,"featured_media":12878,"comment_status":"open","ping_status":"open","sticky":false,"template":"","format":"standard","meta":{"ngg_post_thumbnail":0},"categories":[2],"tags":[],"_links":{"self":[{"href":"https:\/\/www.culture.gouv.sn\/index.php\/wp-json\/wp\/v2\/posts\/12885"}],"collection":[{"href":"https:\/\/www.culture.gouv.sn\/index.php\/wp-json\/wp\/v2\/posts"}],"about":[{"href":"https:\/\/www.culture.gouv.sn\/index.php\/wp-json\/wp\/v2\/types\/post"}],"author":[{"embeddable":true,"href":"https:\/\/www.culture.gouv.sn\/index.php\/wp-json\/wp\/v2\/users\/1"}],"replies":[{"embeddable":true,"href":"https:\/\/www.culture.gouv.sn\/index.php\/wp-json\/wp\/v2\/comments?post=12885"}],"version-history":[{"count":1,"href":"https:\/\/www.culture.gouv.sn\/index.php\/wp-json\/wp\/v2\/posts\/12885\/revisions"}],"predecessor-version":[{"id":12886,"href":"https:\/\/www.culture.gouv.sn\/index.php\/wp-json\/wp\/v2\/posts\/12885\/revisions\/12886"}],"wp:featuredmedia":[{"embeddable":true,"href":"https:\/\/www.culture.gouv.sn\/index.php\/wp-json\/wp\/v2\/media\/12878"}],"wp:attachment":[{"href":"https:\/\/www.culture.gouv.sn\/index.php\/wp-json\/wp\/v2\/media?parent=12885"}],"wp:term":[{"taxonomy":"category","embeddable":true,"href":"https:\/\/www.culture.gouv.sn\/index.php\/wp-json\/wp\/v2\/categories?post=12885"},{"taxonomy":"post_tag","embeddable":true,"href":"https:\/\/www.culture.gouv.sn\/index.php\/wp-json\/wp\/v2\/tags?post=12885"}],"curies":[{"name":"wp","href":"https:\/\/api.w.org\/{rel}","templated":true}]}}