{"id":12888,"date":"2023-10-30T14:46:55","date_gmt":"2023-10-30T14:46:55","guid":{"rendered":"http:\/\/www.culture.gouv.sn\/?p=12888"},"modified":"2023-10-30T14:46:55","modified_gmt":"2023-10-30T14:46:55","slug":"celebration-de-la-bataille-de-dekheule-le-senegal-se-rappelle-de-lat-dior","status":"publish","type":"post","link":"https:\/\/www.culture.gouv.sn\/index.php\/2023\/10\/30\/celebration-de-la-bataille-de-dekheule-le-senegal-se-rappelle-de-lat-dior\/","title":{"rendered":"C\u00e9l\u00e9bration de la bataille de D\u00e9kheul\u00e9: Le S\u00e9n\u00e9gal se rappelle de Lat Dior"},"content":{"rendered":"<div id=\"pl-12888\"  class=\"panel-layout\" ><div id=\"pg-12888-0\"  class=\"panel-grid panel-no-style\" ><div id=\"pgc-12888-0-0\"  class=\"panel-grid-cell\" ><div id=\"panel-12888-0-0-0\" class=\"so-panel widget widget_text panel-first-child panel-last-child\" data-index=\"0\" ><h3 class=\"widget-title\">C\u00e9l\u00e9bration de la bataille de D\u00e9kheul\u00e9: Le S\u00e9n\u00e9gal se rappelle de Lat Dior<\/h3>\t\t\t<div class=\"textwidget\"><div id=\":mw\" class=\"ii gt\">\n<div id=\":mv\" class=\"a3s aiL \">\n<div dir=\"auto\">\n<div dir=\"auto\">Le ministre de la Culture et du Patrimoine historique Aliou Sow a pr\u00e9sid\u00e9 le samedi 27 octobre 2023, la 137\u00e8me \u00e9dition de la comm\u00e9moration de la bataille de D\u00e9kheul\u00e9.<\/div>\n<div dir=\"auto\"><\/div>\n<div dir=\"auto\">Le Professeur Aliou Sow \u00e9tait accompagn\u00e9 \u00e0 cet \u00e9v\u00e9nement comm\u00e9morant la mort de Lat Dior Ngon\u00e9 Latyr Diop, par une forte d\u00e9l\u00e9gation de son d\u00e9partement.<\/div>\n<div dir=\"auto\"><\/div>\n<div dir=\"auto\">La c\u00e9l\u00e9bration est une initiative de l&rsquo;Association G\u00e9n\u00e9rale pour la sauvegarde des valeurs de Lat Dior Ngon\u00e9 Latyr Diop.<\/div>\n<div dir=\"auto\"><\/div>\n<div dir=\"auto\">Selon le Ministre, la bataille de Dekheul\u00e9 incarne \u00ab la r\u00e9sistance farouche de notre peuple face \u00e0 l&rsquo;oppression et \u00e0 l&rsquo;injustice. Cette bataille a \u00e9t\u00e9 le th\u00e9\u00e2tre d&rsquo;un courage extraordinaire et d&rsquo;une d\u00e9termination in\u00e9branlable de nos anc\u00eatres, qui ont lutt\u00e9 pour la libert\u00e9 et la dignit\u00e9 de notre nation \u00bb.<\/div>\n<div dir=\"auto\"><\/div>\n<div dir=\"auto\">\u00a0Il a soulign\u00e9 l\u2019importance de cet \u00e9v\u00e9nement qui est selon lui, un rappel sur la n\u00e9cessit\u00e9 de pr\u00e9server notre patrimoine historique. Notre culture, nos traditions et notre h\u00e9ritage sont les fondements de notre identit\u00e9 en tant que nation.<\/div>\n<div dir=\"auto\"><\/div>\n<div dir=\"auto\">\u00a0Le Professeur Aliou Sow s\u2019est engag\u00e9, une fois de plus, \u00e0 promouvoir et \u00e0 pr\u00e9server notre patrimoine culturel. \u00ab Nous devons prot\u00e9ger nos sites historiques, nos monuments et nos traditions, afin de transmettre aux g\u00e9n\u00e9rations futures l&rsquo;histoire et les valeurs qui ont fa\u00e7onn\u00e9 notre pays \u00bb, a-t-il rappel\u00e9. Il a par la m\u00eame occasion, insist\u00e9 sur la n\u00e9cessit\u00e9 de digitaliser les faits historiques conform\u00e9ment \u00e0 la volont\u00e9 et aux directives du Pr\u00e9sident de la R\u00e9publique, Son Excellence Monsieur Macky Sall.<\/div>\n<div dir=\"auto\"><\/div>\n<div dir=\"auto\">\u00a0Le Ministre a instruit le Directeur du Patrimoine culturel, Monsieur Omar Badiane et le Directeur du Mus\u00e9e des Civilisations Noires, Monsieur Hamady Bocoum de travailler en synergie pour l\u2019\u00e9dition d\u2019un document r\u00e9capitulatif sur la vie et l\u2019\u0153uvre et la gestion du legs de Lat Ngon\u00e9 Latyr Diop.<\/div>\n<div dir=\"auto\"><\/div>\n<\/div>\n<div dir=\"auto\"><img loading=\"lazy\" class=\"alignnone size-medium wp-image-12889\" src=\"http:\/\/www.culture.gouv.sn\/wp-content\/uploads\/2023\/10\/IMG-20231029-WA0003-225x300.jpg\" alt=\"\" width=\"225\" height=\"300\" srcset=\"https:\/\/www.culture.gouv.sn\/wp-content\/uploads\/2023\/10\/IMG-20231029-WA0003-225x300.jpg 225w, https:\/\/www.culture.gouv.sn\/wp-content\/uploads\/2023\/10\/IMG-20231029-WA0003-300x400.jpg 300w, https:\/\/www.culture.gouv.sn\/wp-content\/uploads\/2023\/10\/IMG-20231029-WA0003-18x24.jpg 18w, https:\/\/www.culture.gouv.sn\/wp-content\/uploads\/2023\/10\/IMG-20231029-WA0003-27x36.jpg 27w, https:\/\/www.culture.gouv.sn\/wp-content\/uploads\/2023\/10\/IMG-20231029-WA0003-36x48.jpg 36w, https:\/\/www.culture.gouv.sn\/wp-content\/uploads\/2023\/10\/IMG-20231029-WA0003-600x800.jpg 600w, https:\/\/www.culture.gouv.sn\/wp-content\/uploads\/2023\/10\/IMG-20231029-WA0003.jpg 768w\" sizes=\"(max-width: 225px) 100vw, 225px\" \/>\u00a0 <img loading=\"lazy\" class=\"alignnone size-medium wp-image-12894\" src=\"http:\/\/www.culture.gouv.sn\/wp-content\/uploads\/2023\/10\/IMG-20231029-WA0008-300x118.jpg\" alt=\"\" width=\"300\" height=\"118\" srcset=\"https:\/\/www.culture.gouv.sn\/wp-content\/uploads\/2023\/10\/IMG-20231029-WA0008-300x118.jpg 300w, https:\/\/www.culture.gouv.sn\/wp-content\/uploads\/2023\/10\/IMG-20231029-WA0008-768x302.jpg 768w, https:\/\/www.culture.gouv.sn\/wp-content\/uploads\/2023\/10\/IMG-20231029-WA0008-24x9.jpg 24w, https:\/\/www.culture.gouv.sn\/wp-content\/uploads\/2023\/10\/IMG-20231029-WA0008-36x14.jpg 36w, https:\/\/www.culture.gouv.sn\/wp-content\/uploads\/2023\/10\/IMG-20231029-WA0008-48x19.jpg 48w, https:\/\/www.culture.gouv.sn\/wp-content\/uploads\/2023\/10\/IMG-20231029-WA0008-600x236.jpg 600w, https:\/\/www.culture.gouv.sn\/wp-content\/uploads\/2023\/10\/IMG-20231029-WA0008-1000x394.jpg 1000w, https:\/\/www.culture.gouv.sn\/wp-content\/uploads\/2023\/10\/IMG-20231029-WA0008.jpg 1024w\" sizes=\"(max-width: 300px) 100vw, 300px\" \/>\u00a0\u00a0<img loading=\"lazy\" class=\"alignnone size-medium wp-image-12892\" src=\"http:\/\/www.culture.gouv.sn\/wp-content\/uploads\/2023\/10\/IMG-20231029-WA0006-225x300.jpg\" alt=\"\" width=\"225\" height=\"300\" srcset=\"https:\/\/www.culture.gouv.sn\/wp-content\/uploads\/2023\/10\/IMG-20231029-WA0006-225x300.jpg 225w, https:\/\/www.culture.gouv.sn\/wp-content\/uploads\/2023\/10\/IMG-20231029-WA0006-300x400.jpg 300w, https:\/\/www.culture.gouv.sn\/wp-content\/uploads\/2023\/10\/IMG-20231029-WA0006-18x24.jpg 18w, https:\/\/www.culture.gouv.sn\/wp-content\/uploads\/2023\/10\/IMG-20231029-WA0006-27x36.jpg 27w, https:\/\/www.culture.gouv.sn\/wp-content\/uploads\/2023\/10\/IMG-20231029-WA0006-36x48.jpg 36w, https:\/\/www.culture.gouv.sn\/wp-content\/uploads\/2023\/10\/IMG-20231029-WA0006-600x800.jpg 600w, https:\/\/www.culture.gouv.sn\/wp-content\/uploads\/2023\/10\/IMG-20231029-WA0006.jpg 768w\" sizes=\"(max-width: 225px) 100vw, 225px\" \/>\u00a0 <img loading=\"lazy\" class=\"alignnone size-medium wp-image-12893\" src=\"http:\/\/www.culture.gouv.sn\/wp-content\/uploads\/2023\/10\/IMG-20231029-WA0007-300x153.jpg\" alt=\"\" width=\"300\" height=\"153\" srcset=\"https:\/\/www.culture.gouv.sn\/wp-content\/uploads\/2023\/10\/IMG-20231029-WA0007-300x153.jpg 300w, https:\/\/www.culture.gouv.sn\/wp-content\/uploads\/2023\/10\/IMG-20231029-WA0007-768x392.jpg 768w, https:\/\/www.culture.gouv.sn\/wp-content\/uploads\/2023\/10\/IMG-20231029-WA0007-24x12.jpg 24w, https:\/\/www.culture.gouv.sn\/wp-content\/uploads\/2023\/10\/IMG-20231029-WA0007-36x18.jpg 36w, https:\/\/www.culture.gouv.sn\/wp-content\/uploads\/2023\/10\/IMG-20231029-WA0007-48x24.jpg 48w, https:\/\/www.culture.gouv.sn\/wp-content\/uploads\/2023\/10\/IMG-20231029-WA0007-600x306.jpg 600w, https:\/\/www.culture.gouv.sn\/wp-content\/uploads\/2023\/10\/IMG-20231029-WA0007-1000x510.jpg 1000w, https:\/\/www.culture.gouv.sn\/wp-content\/uploads\/2023\/10\/IMG-20231029-WA0007.jpg 1024w\" sizes=\"(max-width: 300px) 100vw, 300px\" \/><\/div>\n<div class=\"yj6qo\"><\/div>\n<div class=\"adL\"><\/div>\n<\/div>\n<\/div>\n<div id=\":o7\" class=\"hq gt\"><\/div>\n<\/div>\n\t\t<\/div><\/div><\/div><\/div>","protected":false},"excerpt":{"rendered":"<p>Le ministre de la Culture et du Patrimoine historique Aliou Sow a pr\u00e9sid\u00e9 le samedi 27 octobre 2023, la 137\u00e8me \u00e9dition de la comm\u00e9moration de la bataille de D\u00e9kheul\u00e9. Le Professeur Aliou Sow \u00e9tait accompagn\u00e9 \u00e0 cet \u00e9v\u00e9nement comm\u00e9morant la mort de Lat Dior Ngon\u00e9 Latyr Diop, par une forte d\u00e9l\u00e9gation de son d\u00e9partement. La [&hellip;]<\/p>\n","protected":false},"author":1,"featured_media":12890,"comment_status":"open","ping_status":"open","sticky":false,"template":"","format":"standard","meta":{"ngg_post_thumbnail":0},"categories":[2],"tags":[],"_links":{"self":[{"href":"https:\/\/www.culture.gouv.sn\/index.php\/wp-json\/wp\/v2\/posts\/12888"}],"collection":[{"href":"https:\/\/www.culture.gouv.sn\/index.php\/wp-json\/wp\/v2\/posts"}],"about":[{"href":"https:\/\/www.culture.gouv.sn\/index.php\/wp-json\/wp\/v2\/types\/post"}],"author":[{"embeddable":true,"href":"https:\/\/www.culture.gouv.sn\/index.php\/wp-json\/wp\/v2\/users\/1"}],"replies":[{"embeddable":true,"href":"https:\/\/www.culture.gouv.sn\/index.php\/wp-json\/wp\/v2\/comments?post=12888"}],"version-history":[{"count":2,"href":"https:\/\/www.culture.gouv.sn\/index.php\/wp-json\/wp\/v2\/posts\/12888\/revisions"}],"predecessor-version":[{"id":12896,"href":"https:\/\/www.culture.gouv.sn\/index.php\/wp-json\/wp\/v2\/posts\/12888\/revisions\/12896"}],"wp:featuredmedia":[{"embeddable":true,"href":"https:\/\/www.culture.gouv.sn\/index.php\/wp-json\/wp\/v2\/media\/12890"}],"wp:attachment":[{"href":"https:\/\/www.culture.gouv.sn\/index.php\/wp-json\/wp\/v2\/media?parent=12888"}],"wp:term":[{"taxonomy":"category","embeddable":true,"href":"https:\/\/www.culture.gouv.sn\/index.php\/wp-json\/wp\/v2\/categories?post=12888"},{"taxonomy":"post_tag","embeddable":true,"href":"https:\/\/www.culture.gouv.sn\/index.php\/wp-json\/wp\/v2\/tags?post=12888"}],"curies":[{"name":"wp","href":"https:\/\/api.w.org\/{rel}","templated":true}]}}