{"id":12926,"date":"2023-11-27T12:39:27","date_gmt":"2023-11-27T12:39:27","guid":{"rendered":"http:\/\/www.culture.gouv.sn\/?p=12926"},"modified":"2023-11-30T15:20:37","modified_gmt":"2023-11-30T15:20:37","slug":"12eme-fesnac-a-fatick-du-9-au-12-janvier-2024","status":"publish","type":"post","link":"https:\/\/www.culture.gouv.sn\/index.php\/2023\/11\/27\/12eme-fesnac-a-fatick-du-9-au-12-janvier-2024\/","title":{"rendered":"12\u00e8me FESNAC \u00e0 Fatick du 8 au 12 janvier 2024"},"content":{"rendered":"<div id=\"pl-12926\"  class=\"panel-layout\" ><div id=\"pg-12926-0\"  class=\"panel-grid panel-no-style\" ><div id=\"pgc-12926-0-0\"  class=\"panel-grid-cell\" ><div id=\"panel-12926-0-0-0\" class=\"so-panel widget widget_text panel-first-child panel-last-child\" data-index=\"0\" ><h3 class=\"widget-title\">12\u00e8me FESNAC \u00e0 Fatick du 9 au 12 janvier 2024<\/h3>\t\t\t<div class=\"textwidget\"><div dir=\"auto\">La douzi\u00e8me \u00e9dition du Festival National des Arts et de la Culture (FESNAC), plac\u00e9e sous la pr\u00e9sidence effective de Son Excellence Monsieur Macky SALL, Pr\u00e9sident de la R\u00e9publique du S\u00e9n\u00e9gal, se tiendra du 08 au 12 janvier 2024 \u00e0 Fatick.<\/div>\n<div dir=\"auto\"><\/div>\n<div dir=\"auto\">Plusieurs localit\u00e9s de la r\u00e9gion accueilleront des \u00e9v\u00e9nements du programme qui sera riche et vari\u00e9. Le th\u00e8me retenu pour cette ann\u00e9e est \u00ab MACKY, LES ARTS ET LE PATRIMOINE \u00bb.<\/div>\n<div dir=\"auto\"><\/div>\n<div dir=\"auto\">Le Royaume du Maroc a \u00e9t\u00e9 choisi comme pays invit\u00e9 d&rsquo;honneur et la Communaut\u00e9 L\u00e9boue a \u00e9t\u00e9 d\u00e9sign\u00e9e comme communaut\u00e9 invit\u00e9e d&rsquo;honneur.<\/div>\n<div dir=\"auto\"><\/div>\n<div dir=\"auto\">Les acteurs et professionnels de la culture et du patrimoine historique souhaitent rendre hommage au Pr\u00e9sident Macky SALL \u00e0 travers cette douzi\u00e8me \u00e9dition.<\/div>\n<\/div>\n\t\t<\/div><\/div><\/div><\/div>","protected":false},"excerpt":{"rendered":"<p>La douzi\u00e8me \u00e9dition du Festival National des Arts et de la Culture (FESNAC), plac\u00e9e sous la pr\u00e9sidence effective de Son Excellence Monsieur Macky SALL, Pr\u00e9sident de la R\u00e9publique du S\u00e9n\u00e9gal, se tiendra du 08 au 12 janvier 2024 \u00e0 Fatick. Plusieurs localit\u00e9s de la r\u00e9gion accueilleront des \u00e9v\u00e9nements du programme qui sera riche et vari\u00e9. [&hellip;]<\/p>\n","protected":false},"author":1,"featured_media":12931,"comment_status":"open","ping_status":"open","sticky":false,"template":"","format":"standard","meta":{"ngg_post_thumbnail":0},"categories":[2],"tags":[],"_links":{"self":[{"href":"https:\/\/www.culture.gouv.sn\/index.php\/wp-json\/wp\/v2\/posts\/12926"}],"collection":[{"href":"https:\/\/www.culture.gouv.sn\/index.php\/wp-json\/wp\/v2\/posts"}],"about":[{"href":"https:\/\/www.culture.gouv.sn\/index.php\/wp-json\/wp\/v2\/types\/post"}],"author":[{"embeddable":true,"href":"https:\/\/www.culture.gouv.sn\/index.php\/wp-json\/wp\/v2\/users\/1"}],"replies":[{"embeddable":true,"href":"https:\/\/www.culture.gouv.sn\/index.php\/wp-json\/wp\/v2\/comments?post=12926"}],"version-history":[{"count":2,"href":"https:\/\/www.culture.gouv.sn\/index.php\/wp-json\/wp\/v2\/posts\/12926\/revisions"}],"predecessor-version":[{"id":12933,"href":"https:\/\/www.culture.gouv.sn\/index.php\/wp-json\/wp\/v2\/posts\/12926\/revisions\/12933"}],"wp:featuredmedia":[{"embeddable":true,"href":"https:\/\/www.culture.gouv.sn\/index.php\/wp-json\/wp\/v2\/media\/12931"}],"wp:attachment":[{"href":"https:\/\/www.culture.gouv.sn\/index.php\/wp-json\/wp\/v2\/media?parent=12926"}],"wp:term":[{"taxonomy":"category","embeddable":true,"href":"https:\/\/www.culture.gouv.sn\/index.php\/wp-json\/wp\/v2\/categories?post=12926"},{"taxonomy":"post_tag","embeddable":true,"href":"https:\/\/www.culture.gouv.sn\/index.php\/wp-json\/wp\/v2\/tags?post=12926"}],"curies":[{"name":"wp","href":"https:\/\/api.w.org\/{rel}","templated":true}]}}