{"id":12934,"date":"2023-12-04T16:30:14","date_gmt":"2023-12-04T16:30:14","guid":{"rendered":"http:\/\/www.culture.gouv.sn\/?p=12934"},"modified":"2023-12-04T16:30:14","modified_gmt":"2023-12-04T16:30:14","slug":"12eme-fesnac-a-fatick-theme-macky-les-arts-et-le-patrimoine","status":"publish","type":"post","link":"https:\/\/www.culture.gouv.sn\/index.php\/2023\/12\/04\/12eme-fesnac-a-fatick-theme-macky-les-arts-et-le-patrimoine\/","title":{"rendered":"12\u00e8me FESNAC \u00e0 Fatick\/ Th\u00e8me : Macky, les arts et le patrimoine"},"content":{"rendered":"<div id=\"pl-12934\"  class=\"panel-layout\" ><div id=\"pg-12934-0\"  class=\"panel-grid panel-no-style\" ><div id=\"pgc-12934-0-0\"  class=\"panel-grid-cell\" ><div id=\"panel-12934-0-0-0\" class=\"so-panel widget widget_text panel-first-child panel-last-child\" data-index=\"0\" ><h3 class=\"widget-title\">12\u00e8me FESNAC \u00e0 Fatick\/ Th\u00e8me : Macky, les arts et le patrimoine<\/h3>\t\t\t<div class=\"textwidget\"><div id=\":mw\" class=\"ii gt\">\n<div id=\":mv\" class=\"a3s aiL \">\n<div dir=\"auto\">\n<div dir=\"auto\">Un Comit\u00e9 R\u00e9gional de D\u00e9veloppement (CRD) consacr\u00e9 \u00e0 la 12\u00e8me \u00e9dition du\u00a0 Festival national des arts et culture (FESNAC) s\u2019est tenu le vendredi 1er d\u00e9cembre au Centre Culturel R\u00e9gional de Fatick sous la pr\u00e9sidence effective du ministre de la Culture et du Patrimoine historique, Professeur Aliou SOW.<\/div>\n<div dir=\"auto\"><\/div>\n<div dir=\"auto\">Le FESNAC, \u00e9v\u00e8nement phare de l\u2019agenda culturel national, est pr\u00e9vu du 8 au 12 janvier 2024 \u00e0 Fatick, sous la pr\u00e9sidence effective de Son excellence Monsieur le Pr\u00e9sident de la R\u00e9publique, Macky SALL.<\/div>\n<div dir=\"auto\"><\/div>\n<div dir=\"auto\">Le th\u00e8me de l\u2019\u00e9dition porte sur \u00ab\u00a0Macky, les arts et le patrimoine\u00a0\u00bb.<\/div>\n<div dir=\"auto\"><\/div>\n<div dir=\"auto\">Le pays invit\u00e9 d&rsquo;honneur est le Royaume du Maroc. La communaut\u00e9 invit\u00e9e d\u2019honneur est celle des L\u00e9bous.<\/div>\n<div dir=\"auto\"><\/div>\n<div dir=\"auto\">Il s\u2019agit de rendre un hommage m\u00e9rit\u00e9 au Pr\u00e9sident de la R\u00e9publique, Son Excellence Monsieur Macky Sall en mettant en exergue les nombreuses r\u00e9alisations du Chef de l\u2019Etat dans le domaine de la culture et de la pr\u00e9servation de notre patrimoine historique.<\/div>\n<div dir=\"auto\"><\/div>\n<div dir=\"auto\">Une des grandes innovations de ce festival, est la cr\u00e9ation du \u00ab Grand Prix Macky Sall\u00a0 Culture et Paix\u00bb d&rsquo;une valeur de 20 000 000 F CFA.<\/div>\n<div dir=\"auto\"><\/div>\n<div dir=\"auto\">L\u2019objectif du Ministre Aliou SOW est qu\u2019il soit d\u00e9sormais d\u00e9cern\u00e9 annuellement avec une dimension internationale. Le Prix Buur Sine est dot\u00e9 d\u2019un montant de 10.000.000 F CFA est \u00e9galement retenu suite \u00e0 celui du Beuleup Ndoucoumane de m\u00eame que le Prix sp\u00e9cial Cr\u00e9ation repr\u00e9sentative de Macky SALL qui r\u00e9compense la meilleure cr\u00e9ation artistique ou litt\u00e9raire sur le Pr\u00e9sident Macky SALL (livre, po\u00e8me, chant, tableau d&rsquo;art, graffiti, imitation, etc.)<\/div>\n<div dir=\"auto\"><\/div>\n<div dir=\"auto\">Le 12\u00e8me Festival national des arts et culture (FESNAC) se tiendra en m\u00eame temps que le Salon national du livre \u00e0 Fatick.<\/div>\n<\/div>\n<div class=\"yj6qo\"><\/div>\n<div class=\"adL\"><img loading=\"lazy\" class=\"alignnone size-medium wp-image-12935\" src=\"http:\/\/www.culture.gouv.sn\/wp-content\/uploads\/2023\/12\/IMG-20231204-WA0011-300x225.jpg\" alt=\"\" width=\"300\" height=\"225\" srcset=\"https:\/\/www.culture.gouv.sn\/wp-content\/uploads\/2023\/12\/IMG-20231204-WA0011-300x225.jpg 300w, https:\/\/www.culture.gouv.sn\/wp-content\/uploads\/2023\/12\/IMG-20231204-WA0011-1024x768.jpg 1024w, https:\/\/www.culture.gouv.sn\/wp-content\/uploads\/2023\/12\/IMG-20231204-WA0011-768x576.jpg 768w, https:\/\/www.culture.gouv.sn\/wp-content\/uploads\/2023\/12\/IMG-20231204-WA0011-1536x1152.jpg 1536w, https:\/\/www.culture.gouv.sn\/wp-content\/uploads\/2023\/12\/IMG-20231204-WA0011-2048x1536.jpg 2048w, https:\/\/www.culture.gouv.sn\/wp-content\/uploads\/2023\/12\/IMG-20231204-WA0011-24x18.jpg 24w, https:\/\/www.culture.gouv.sn\/wp-content\/uploads\/2023\/12\/IMG-20231204-WA0011-36x27.jpg 36w, https:\/\/www.culture.gouv.sn\/wp-content\/uploads\/2023\/12\/IMG-20231204-WA0011-48x36.jpg 48w, https:\/\/www.culture.gouv.sn\/wp-content\/uploads\/2023\/12\/IMG-20231204-WA0011-600x450.jpg 600w, https:\/\/www.culture.gouv.sn\/wp-content\/uploads\/2023\/12\/IMG-20231204-WA0011-1000x750.jpg 1000w\" sizes=\"(max-width: 300px) 100vw, 300px\" \/> <img loading=\"lazy\" class=\"alignnone size-medium wp-image-12937\" src=\"http:\/\/www.culture.gouv.sn\/wp-content\/uploads\/2023\/12\/IMG-20231204-WA0019-300x225.jpg\" alt=\"\" width=\"300\" height=\"225\" srcset=\"https:\/\/www.culture.gouv.sn\/wp-content\/uploads\/2023\/12\/IMG-20231204-WA0019-300x225.jpg 300w, https:\/\/www.culture.gouv.sn\/wp-content\/uploads\/2023\/12\/IMG-20231204-WA0019-1024x768.jpg 1024w, https:\/\/www.culture.gouv.sn\/wp-content\/uploads\/2023\/12\/IMG-20231204-WA0019-768x576.jpg 768w, https:\/\/www.culture.gouv.sn\/wp-content\/uploads\/2023\/12\/IMG-20231204-WA0019-1536x1152.jpg 1536w, https:\/\/www.culture.gouv.sn\/wp-content\/uploads\/2023\/12\/IMG-20231204-WA0019-2048x1536.jpg 2048w, https:\/\/www.culture.gouv.sn\/wp-content\/uploads\/2023\/12\/IMG-20231204-WA0019-24x18.jpg 24w, https:\/\/www.culture.gouv.sn\/wp-content\/uploads\/2023\/12\/IMG-20231204-WA0019-36x27.jpg 36w, https:\/\/www.culture.gouv.sn\/wp-content\/uploads\/2023\/12\/IMG-20231204-WA0019-48x36.jpg 48w, https:\/\/www.culture.gouv.sn\/wp-content\/uploads\/2023\/12\/IMG-20231204-WA0019-600x450.jpg 600w, https:\/\/www.culture.gouv.sn\/wp-content\/uploads\/2023\/12\/IMG-20231204-WA0019-1000x750.jpg 1000w\" sizes=\"(max-width: 300px) 100vw, 300px\" \/><\/div>\n<div><img loading=\"lazy\" class=\"alignnone size-medium wp-image-12941\" src=\"http:\/\/www.culture.gouv.sn\/wp-content\/uploads\/2023\/12\/IMG-20231204-WA0034-2-300x225.jpg\" alt=\"\" width=\"300\" height=\"225\" srcset=\"https:\/\/www.culture.gouv.sn\/wp-content\/uploads\/2023\/12\/IMG-20231204-WA0034-2-300x225.jpg 300w, https:\/\/www.culture.gouv.sn\/wp-content\/uploads\/2023\/12\/IMG-20231204-WA0034-2-1024x768.jpg 1024w, https:\/\/www.culture.gouv.sn\/wp-content\/uploads\/2023\/12\/IMG-20231204-WA0034-2-768x576.jpg 768w, https:\/\/www.culture.gouv.sn\/wp-content\/uploads\/2023\/12\/IMG-20231204-WA0034-2-24x18.jpg 24w, https:\/\/www.culture.gouv.sn\/wp-content\/uploads\/2023\/12\/IMG-20231204-WA0034-2-36x27.jpg 36w, https:\/\/www.culture.gouv.sn\/wp-content\/uploads\/2023\/12\/IMG-20231204-WA0034-2-48x36.jpg 48w, https:\/\/www.culture.gouv.sn\/wp-content\/uploads\/2023\/12\/IMG-20231204-WA0034-2-600x450.jpg 600w, https:\/\/www.culture.gouv.sn\/wp-content\/uploads\/2023\/12\/IMG-20231204-WA0034-2-1000x750.jpg 1000w, https:\/\/www.culture.gouv.sn\/wp-content\/uploads\/2023\/12\/IMG-20231204-WA0034-2.jpg 1280w\" sizes=\"(max-width: 300px) 100vw, 300px\" \/> <img loading=\"lazy\" class=\"alignnone size-medium wp-image-12942\" src=\"http:\/\/www.culture.gouv.sn\/wp-content\/uploads\/2023\/12\/IMG-20231204-WA0047-300x225.jpg\" alt=\"\" width=\"300\" height=\"225\" srcset=\"https:\/\/www.culture.gouv.sn\/wp-content\/uploads\/2023\/12\/IMG-20231204-WA0047-300x225.jpg 300w, https:\/\/www.culture.gouv.sn\/wp-content\/uploads\/2023\/12\/IMG-20231204-WA0047-1024x768.jpg 1024w, https:\/\/www.culture.gouv.sn\/wp-content\/uploads\/2023\/12\/IMG-20231204-WA0047-768x576.jpg 768w, https:\/\/www.culture.gouv.sn\/wp-content\/uploads\/2023\/12\/IMG-20231204-WA0047-1536x1152.jpg 1536w, https:\/\/www.culture.gouv.sn\/wp-content\/uploads\/2023\/12\/IMG-20231204-WA0047-2048x1536.jpg 2048w, https:\/\/www.culture.gouv.sn\/wp-content\/uploads\/2023\/12\/IMG-20231204-WA0047-24x18.jpg 24w, https:\/\/www.culture.gouv.sn\/wp-content\/uploads\/2023\/12\/IMG-20231204-WA0047-36x27.jpg 36w, https:\/\/www.culture.gouv.sn\/wp-content\/uploads\/2023\/12\/IMG-20231204-WA0047-48x36.jpg 48w, https:\/\/www.culture.gouv.sn\/wp-content\/uploads\/2023\/12\/IMG-20231204-WA0047-600x450.jpg 600w, https:\/\/www.culture.gouv.sn\/wp-content\/uploads\/2023\/12\/IMG-20231204-WA0047-1000x750.jpg 1000w\" sizes=\"(max-width: 300px) 100vw, 300px\" \/><\/div>\n<\/div>\n<\/div>\n<div id=\":o6\" class=\"hq gt\"><\/div>\n<\/div>\n\t\t<\/div><\/div><\/div><\/div>","protected":false},"excerpt":{"rendered":"<p>Un Comit\u00e9 R\u00e9gional de D\u00e9veloppement (CRD) consacr\u00e9 \u00e0 la 12\u00e8me \u00e9dition du\u00a0 Festival national des arts et culture (FESNAC) s\u2019est tenu le vendredi 1er d\u00e9cembre au Centre Culturel R\u00e9gional de Fatick sous la pr\u00e9sidence effective du ministre de la Culture et du Patrimoine historique, Professeur Aliou SOW. Le FESNAC, \u00e9v\u00e8nement phare de l\u2019agenda culturel national, [&hellip;]<\/p>\n","protected":false},"author":1,"featured_media":12945,"comment_status":"open","ping_status":"open","sticky":false,"template":"","format":"standard","meta":{"ngg_post_thumbnail":0},"categories":[2],"tags":[],"_links":{"self":[{"href":"https:\/\/www.culture.gouv.sn\/index.php\/wp-json\/wp\/v2\/posts\/12934"}],"collection":[{"href":"https:\/\/www.culture.gouv.sn\/index.php\/wp-json\/wp\/v2\/posts"}],"about":[{"href":"https:\/\/www.culture.gouv.sn\/index.php\/wp-json\/wp\/v2\/types\/post"}],"author":[{"embeddable":true,"href":"https:\/\/www.culture.gouv.sn\/index.php\/wp-json\/wp\/v2\/users\/1"}],"replies":[{"embeddable":true,"href":"https:\/\/www.culture.gouv.sn\/index.php\/wp-json\/wp\/v2\/comments?post=12934"}],"version-history":[{"count":1,"href":"https:\/\/www.culture.gouv.sn\/index.php\/wp-json\/wp\/v2\/posts\/12934\/revisions"}],"predecessor-version":[{"id":12946,"href":"https:\/\/www.culture.gouv.sn\/index.php\/wp-json\/wp\/v2\/posts\/12934\/revisions\/12946"}],"wp:featuredmedia":[{"embeddable":true,"href":"https:\/\/www.culture.gouv.sn\/index.php\/wp-json\/wp\/v2\/media\/12945"}],"wp:attachment":[{"href":"https:\/\/www.culture.gouv.sn\/index.php\/wp-json\/wp\/v2\/media?parent=12934"}],"wp:term":[{"taxonomy":"category","embeddable":true,"href":"https:\/\/www.culture.gouv.sn\/index.php\/wp-json\/wp\/v2\/categories?post=12934"},{"taxonomy":"post_tag","embeddable":true,"href":"https:\/\/www.culture.gouv.sn\/index.php\/wp-json\/wp\/v2\/tags?post=12934"}],"curies":[{"name":"wp","href":"https:\/\/api.w.org\/{rel}","templated":true}]}}