{"id":12981,"date":"2023-12-27T15:06:38","date_gmt":"2023-12-27T15:06:38","guid":{"rendered":"http:\/\/www.culture.gouv.sn\/?p=12981"},"modified":"2023-12-27T15:06:38","modified_gmt":"2023-12-27T15:06:38","slug":"prix-international-macky-sall-culture-paix-developpement","status":"publish","type":"post","link":"https:\/\/www.culture.gouv.sn\/index.php\/2023\/12\/27\/prix-international-macky-sall-culture-paix-developpement\/","title":{"rendered":"PRIX INTERNATIONAL MACKY SALL CULTURE, PAIX &#038; D\u00c9VELOPPEMENT"},"content":{"rendered":"<div id=\"pl-12981\"  class=\"panel-layout\" ><div id=\"pg-12981-0\"  class=\"panel-grid panel-no-style\" ><div id=\"pgc-12981-0-0\"  class=\"panel-grid-cell\" ><div id=\"panel-12981-0-0-0\" class=\"so-panel widget widget_text panel-first-child panel-last-child\" data-index=\"0\" ><h3 class=\"widget-title\">PRIX INTERNATIONAL MACKY SALL CULTURE, PAIX &#038; D\u00c9VELOPPEMENT<\/h3>\t\t\t<div class=\"textwidget\"><p>&nbsp;<\/p>\n<ul>\n<li>Le laur\u00e9at (une personne, une collectivit\u00e9 territoriale, une ONG, une OIG, etc.) gagnera 40.000.000 F<\/li>\n<\/ul>\n<div dir=\"auto\"><\/div>\n<ul>\n<li dir=\"auto\">Remise pr\u00e9vue dans le cadre de 12e \u00e9dition du FESNAC \u00e0 FATICK.<\/li>\n<\/ul>\n<div dir=\"auto\"><\/div>\n<ul>\n<li dir=\"auto\">Le jury international a d\u00e9j\u00e0 commenc\u00e9 son travail.<\/li>\n<\/ul>\n<p>&nbsp;<\/p>\n<ul>\n<li dir=\"auto\">Le th\u00e8me prioritaire de cette \u00e9dition porte sur l&rsquo;\u00e9quit\u00e9 territoriale et sociale.<\/li>\n<\/ul>\n<p>&nbsp;<\/p>\n<ul>\n<li>Cliquez sur ce lien pour la candidature: <a href=\"http:\/\/www.culture.gouv.sn\/wp-content\/uploads\/2023\/12\/PrixMackySall2023.html\"><em>PrixMackySall2023<\/em><\/a><\/li>\n<\/ul>\n<p><img loading=\"lazy\" class=\"alignnone size-medium wp-image-12983\" src=\"http:\/\/www.culture.gouv.sn\/wp-content\/uploads\/2023\/12\/IMG-20231226-WA0001-300x86.jpg\" alt=\"\" width=\"300\" height=\"86\" srcset=\"https:\/\/www.culture.gouv.sn\/wp-content\/uploads\/2023\/12\/IMG-20231226-WA0001-300x86.jpg 300w, https:\/\/www.culture.gouv.sn\/wp-content\/uploads\/2023\/12\/IMG-20231226-WA0001-1024x292.jpg 1024w, https:\/\/www.culture.gouv.sn\/wp-content\/uploads\/2023\/12\/IMG-20231226-WA0001-768x219.jpg 768w, https:\/\/www.culture.gouv.sn\/wp-content\/uploads\/2023\/12\/IMG-20231226-WA0001-1536x438.jpg 1536w, https:\/\/www.culture.gouv.sn\/wp-content\/uploads\/2023\/12\/IMG-20231226-WA0001-24x7.jpg 24w, https:\/\/www.culture.gouv.sn\/wp-content\/uploads\/2023\/12\/IMG-20231226-WA0001-36x10.jpg 36w, https:\/\/www.culture.gouv.sn\/wp-content\/uploads\/2023\/12\/IMG-20231226-WA0001-48x14.jpg 48w, https:\/\/www.culture.gouv.sn\/wp-content\/uploads\/2023\/12\/IMG-20231226-WA0001-600x171.jpg 600w, https:\/\/www.culture.gouv.sn\/wp-content\/uploads\/2023\/12\/IMG-20231226-WA0001-1000x285.jpg 1000w, https:\/\/www.culture.gouv.sn\/wp-content\/uploads\/2023\/12\/IMG-20231226-WA0001.jpg 1600w\" sizes=\"(max-width: 300px) 100vw, 300px\" \/>\u00a0 <img loading=\"lazy\" class=\"alignnone size-medium wp-image-12985\" src=\"http:\/\/www.culture.gouv.sn\/wp-content\/uploads\/2023\/12\/IMG-20231226-WA0003-166x300.jpg\" alt=\"\" width=\"166\" height=\"300\" srcset=\"https:\/\/www.culture.gouv.sn\/wp-content\/uploads\/2023\/12\/IMG-20231226-WA0003-166x300.jpg 166w, https:\/\/www.culture.gouv.sn\/wp-content\/uploads\/2023\/12\/IMG-20231226-WA0003-566x1024.jpg 566w, https:\/\/www.culture.gouv.sn\/wp-content\/uploads\/2023\/12\/IMG-20231226-WA0003-768x1388.jpg 768w, https:\/\/www.culture.gouv.sn\/wp-content\/uploads\/2023\/12\/IMG-20231226-WA0003-850x1536.jpg 850w, https:\/\/www.culture.gouv.sn\/wp-content\/uploads\/2023\/12\/IMG-20231226-WA0003-13x24.jpg 13w, https:\/\/www.culture.gouv.sn\/wp-content\/uploads\/2023\/12\/IMG-20231226-WA0003-20x36.jpg 20w, https:\/\/www.culture.gouv.sn\/wp-content\/uploads\/2023\/12\/IMG-20231226-WA0003-27x48.jpg 27w, https:\/\/www.culture.gouv.sn\/wp-content\/uploads\/2023\/12\/IMG-20231226-WA0003-600x1085.jpg 600w, https:\/\/www.culture.gouv.sn\/wp-content\/uploads\/2023\/12\/IMG-20231226-WA0003.jpg 885w\" sizes=\"(max-width: 166px) 100vw, 166px\" \/><\/p>\n<p>&nbsp;<\/p>\n<p>&nbsp;<\/p>\n<\/div>\n\t\t<\/div><\/div><\/div><\/div>","protected":false},"excerpt":{"rendered":"<p>&nbsp; Le laur\u00e9at (une personne, une collectivit\u00e9 territoriale, une ONG, une OIG, etc.) gagnera 40.000.000 F Remise pr\u00e9vue dans le cadre de 12e \u00e9dition du FESNAC \u00e0 FATICK. Le jury international a d\u00e9j\u00e0 commenc\u00e9 son travail. &nbsp; Le th\u00e8me prioritaire de cette \u00e9dition porte sur l&rsquo;\u00e9quit\u00e9 territoriale et sociale. &nbsp; Cliquez sur ce lien pour [&hellip;]<\/p>\n","protected":false},"author":1,"featured_media":12984,"comment_status":"open","ping_status":"open","sticky":false,"template":"","format":"standard","meta":{"ngg_post_thumbnail":0},"categories":[2],"tags":[],"_links":{"self":[{"href":"https:\/\/www.culture.gouv.sn\/index.php\/wp-json\/wp\/v2\/posts\/12981"}],"collection":[{"href":"https:\/\/www.culture.gouv.sn\/index.php\/wp-json\/wp\/v2\/posts"}],"about":[{"href":"https:\/\/www.culture.gouv.sn\/index.php\/wp-json\/wp\/v2\/types\/post"}],"author":[{"embeddable":true,"href":"https:\/\/www.culture.gouv.sn\/index.php\/wp-json\/wp\/v2\/users\/1"}],"replies":[{"embeddable":true,"href":"https:\/\/www.culture.gouv.sn\/index.php\/wp-json\/wp\/v2\/comments?post=12981"}],"version-history":[{"count":4,"href":"https:\/\/www.culture.gouv.sn\/index.php\/wp-json\/wp\/v2\/posts\/12981\/revisions"}],"predecessor-version":[{"id":12989,"href":"https:\/\/www.culture.gouv.sn\/index.php\/wp-json\/wp\/v2\/posts\/12981\/revisions\/12989"}],"wp:featuredmedia":[{"embeddable":true,"href":"https:\/\/www.culture.gouv.sn\/index.php\/wp-json\/wp\/v2\/media\/12984"}],"wp:attachment":[{"href":"https:\/\/www.culture.gouv.sn\/index.php\/wp-json\/wp\/v2\/media?parent=12981"}],"wp:term":[{"taxonomy":"category","embeddable":true,"href":"https:\/\/www.culture.gouv.sn\/index.php\/wp-json\/wp\/v2\/categories?post=12981"},{"taxonomy":"post_tag","embeddable":true,"href":"https:\/\/www.culture.gouv.sn\/index.php\/wp-json\/wp\/v2\/tags?post=12981"}],"curies":[{"name":"wp","href":"https:\/\/api.w.org\/{rel}","templated":true}]}}