{"id":12997,"date":"2024-01-16T20:08:43","date_gmt":"2024-01-16T20:08:43","guid":{"rendered":"http:\/\/www.culture.gouv.sn\/?p=12997"},"modified":"2024-01-16T20:08:43","modified_gmt":"2024-01-16T20:08:43","slug":"fesnac-a-fatick-cultures-urbaines-a-diofior","status":"publish","type":"post","link":"https:\/\/www.culture.gouv.sn\/index.php\/2024\/01\/16\/fesnac-a-fatick-cultures-urbaines-a-diofior\/","title":{"rendered":"FESNAC A FATICK \/ CULTURES URBAINES \u00c0 DIOFIOR"},"content":{"rendered":"<div id=\"pl-12997\"  class=\"panel-layout\" ><div id=\"pg-12997-0\"  class=\"panel-grid panel-no-style\" ><div id=\"pgc-12997-0-0\"  class=\"panel-grid-cell\" ><div id=\"panel-12997-0-0-0\" class=\"so-panel widget widget_text panel-first-child panel-last-child\" data-index=\"0\" ><h3 class=\"widget-title\">FESNAC A FATICK \/ CULTURES URBAINES \u00c0 DIOFIOR<\/h3>\t\t\t<div class=\"textwidget\"><div dir=\"auto\">Diofior \u00e9tait l&rsquo;attraction ce jeudi soir avec le grand concert anim\u00e9 par des pontes du mouvement hip hop de Fatick et d&rsquo;autres localit\u00e9s.<\/div>\n<div dir=\"auto\">Une belle communion et une parfaite symbiose\u00a0 entre les populations du Sine, les artistes de la zone et ceux venus d&rsquo;ailleurs.<\/div>\n<div dir=\"auto\">Des cachets pour des dizaines d&rsquo;artistes de la r\u00e9gion.<\/div>\n<div dir=\"auto\">15.000.000 F du FESNAC mis \u00e0 disposition en plus des autres financements destin\u00e9s aux acteurs de la commune et environs.<\/div>\n<div dir=\"auto\">Le FESNAC 2024 est assur\u00e9ment une belle r\u00e9ussite.<\/div>\n<div dir=\"auto\"><\/div>\n<div dir=\"auto\"><\/div>\n<div dir=\"auto\"><\/div>\n<\/div>\n\t\t<\/div><\/div><\/div><\/div>","protected":false},"excerpt":{"rendered":"<p>Diofior \u00e9tait l&rsquo;attraction ce jeudi soir avec le grand concert anim\u00e9 par des pontes du mouvement hip hop de Fatick et d&rsquo;autres localit\u00e9s. Une belle communion et une parfaite symbiose\u00a0 entre les populations du Sine, les artistes de la zone et ceux venus d&rsquo;ailleurs. Des cachets pour des dizaines d&rsquo;artistes de la r\u00e9gion. 15.000.000 F [&hellip;]<\/p>\n","protected":false},"author":1,"featured_media":13012,"comment_status":"open","ping_status":"open","sticky":false,"template":"","format":"standard","meta":{"ngg_post_thumbnail":0},"categories":[2],"tags":[],"_links":{"self":[{"href":"https:\/\/www.culture.gouv.sn\/index.php\/wp-json\/wp\/v2\/posts\/12997"}],"collection":[{"href":"https:\/\/www.culture.gouv.sn\/index.php\/wp-json\/wp\/v2\/posts"}],"about":[{"href":"https:\/\/www.culture.gouv.sn\/index.php\/wp-json\/wp\/v2\/types\/post"}],"author":[{"embeddable":true,"href":"https:\/\/www.culture.gouv.sn\/index.php\/wp-json\/wp\/v2\/users\/1"}],"replies":[{"embeddable":true,"href":"https:\/\/www.culture.gouv.sn\/index.php\/wp-json\/wp\/v2\/comments?post=12997"}],"version-history":[{"count":1,"href":"https:\/\/www.culture.gouv.sn\/index.php\/wp-json\/wp\/v2\/posts\/12997\/revisions"}],"predecessor-version":[{"id":13013,"href":"https:\/\/www.culture.gouv.sn\/index.php\/wp-json\/wp\/v2\/posts\/12997\/revisions\/13013"}],"wp:featuredmedia":[{"embeddable":true,"href":"https:\/\/www.culture.gouv.sn\/index.php\/wp-json\/wp\/v2\/media\/13012"}],"wp:attachment":[{"href":"https:\/\/www.culture.gouv.sn\/index.php\/wp-json\/wp\/v2\/media?parent=12997"}],"wp:term":[{"taxonomy":"category","embeddable":true,"href":"https:\/\/www.culture.gouv.sn\/index.php\/wp-json\/wp\/v2\/categories?post=12997"},{"taxonomy":"post_tag","embeddable":true,"href":"https:\/\/www.culture.gouv.sn\/index.php\/wp-json\/wp\/v2\/tags?post=12997"}],"curies":[{"name":"wp","href":"https:\/\/api.w.org\/{rel}","templated":true}]}}