{"id":12998,"date":"2024-01-16T20:10:23","date_gmt":"2024-01-16T20:10:23","guid":{"rendered":"http:\/\/www.culture.gouv.sn\/?p=12998"},"modified":"2024-01-16T20:10:23","modified_gmt":"2024-01-16T20:10:23","slug":"fesnac-12-monument-de-la-renaissance-africaine","status":"publish","type":"post","link":"https:\/\/www.culture.gouv.sn\/index.php\/2024\/01\/16\/fesnac-12-monument-de-la-renaissance-africaine\/","title":{"rendered":"FESNAC 12\/ Monument de la Renaissance Africaine"},"content":{"rendered":"<div id=\"pl-12998\"  class=\"panel-layout\" ><div id=\"pg-12998-0\"  class=\"panel-grid panel-no-style\" ><div id=\"pgc-12998-0-0\"  class=\"panel-grid-cell\" ><div id=\"panel-12998-0-0-0\" class=\"so-panel widget widget_text panel-first-child panel-last-child\" data-index=\"0\" ><h3 class=\"widget-title\">FESNAC 12\/ Monument de la Renaissance Africaine.<\/h3>\t\t\t<div class=\"textwidget\"><div dir=\"auto\">Dans le cadre du FESNAC 12, le Professeur Aliou Sow ministre de la Culture et Patrimoine Historique a r\u00e9ceptionn\u00e9 et install\u00e9 dans le mus\u00e9e du Monument de la Renaissance Africaine une donation compos\u00e9e de plusieurs \u0153uvres d&rsquo;art et du patrimoine du royaume ch\u00e9rifien. La r\u00e9ception s&rsquo;est d\u00e9roul\u00e9e en marge de la signature d&rsquo;un m\u00e9morandum d&rsquo;entente dans le cadre de la coop\u00e9ration culturelle avec son homologue marocain, monsieur Mohamed Mehdi Bensaid, ministre de la Jeunesse, de la Culture et de la Communication, en pr\u00e9sence de l&rsquo;ambassadeur du Maroc et d&rsquo;une forte d\u00e9l\u00e9gation d&rsquo;officiels et d&rsquo;artistes marocains et s\u00e9n\u00e9galais.<\/div>\n<div dir=\"auto\">Apr\u00e8s la visite guid\u00e9e, la signature du livre d&rsquo;or du M.R.A\u00a0 et les \u00e9changes de cadeaux, les ministres ont fait face \u00e0 la presse avant d&rsquo;assister \u00e0 l&rsquo;illumination des escaliers du M.R.A aux couleurs nationales du Maroc et du S\u00e9n\u00e9gal, en hommage \u00e0 ce grand pays qui a accept\u00e9 d&rsquo;\u00eatre l&rsquo;invit\u00e9 d&rsquo;honneur de cette 12\u00e9me \u00e9dition du FESNAC.<\/div>\n<div dir=\"auto\"><\/div>\n<div dir=\"auto\"><img loading=\"lazy\" class=\"alignnone size-medium wp-image-13007\" src=\"http:\/\/www.culture.gouv.sn\/wp-content\/uploads\/2024\/01\/IMG-20240116-WA0010-300x200.jpg\" alt=\"\" width=\"300\" height=\"200\" srcset=\"https:\/\/www.culture.gouv.sn\/wp-content\/uploads\/2024\/01\/IMG-20240116-WA0010-300x200.jpg 300w, https:\/\/www.culture.gouv.sn\/wp-content\/uploads\/2024\/01\/IMG-20240116-WA0010-768x511.jpg 768w, https:\/\/www.culture.gouv.sn\/wp-content\/uploads\/2024\/01\/IMG-20240116-WA0010-391x260.jpg 391w, https:\/\/www.culture.gouv.sn\/wp-content\/uploads\/2024\/01\/IMG-20240116-WA0010-600x399.jpg 600w, https:\/\/www.culture.gouv.sn\/wp-content\/uploads\/2024\/01\/IMG-20240116-WA0010-24x16.jpg 24w, https:\/\/www.culture.gouv.sn\/wp-content\/uploads\/2024\/01\/IMG-20240116-WA0010-36x24.jpg 36w, https:\/\/www.culture.gouv.sn\/wp-content\/uploads\/2024\/01\/IMG-20240116-WA0010-48x32.jpg 48w, https:\/\/www.culture.gouv.sn\/wp-content\/uploads\/2024\/01\/IMG-20240116-WA0010-1000x665.jpg 1000w, https:\/\/www.culture.gouv.sn\/wp-content\/uploads\/2024\/01\/IMG-20240116-WA0010-272x182.jpg 272w, https:\/\/www.culture.gouv.sn\/wp-content\/uploads\/2024\/01\/IMG-20240116-WA0010.jpg 1024w\" sizes=\"(max-width: 300px) 100vw, 300px\" \/>\u00a0\u00a0<img loading=\"lazy\" class=\"alignnone size-medium wp-image-13009\" src=\"http:\/\/www.culture.gouv.sn\/wp-content\/uploads\/2024\/01\/IMG-20240116-WA0014-300x194.jpg\" alt=\"\" width=\"300\" height=\"194\" srcset=\"https:\/\/www.culture.gouv.sn\/wp-content\/uploads\/2024\/01\/IMG-20240116-WA0014-300x194.jpg 300w, https:\/\/www.culture.gouv.sn\/wp-content\/uploads\/2024\/01\/IMG-20240116-WA0014-768x497.jpg 768w, https:\/\/www.culture.gouv.sn\/wp-content\/uploads\/2024\/01\/IMG-20240116-WA0014-24x16.jpg 24w, https:\/\/www.culture.gouv.sn\/wp-content\/uploads\/2024\/01\/IMG-20240116-WA0014-36x23.jpg 36w, https:\/\/www.culture.gouv.sn\/wp-content\/uploads\/2024\/01\/IMG-20240116-WA0014-48x31.jpg 48w, https:\/\/www.culture.gouv.sn\/wp-content\/uploads\/2024\/01\/IMG-20240116-WA0014-600x388.jpg 600w, https:\/\/www.culture.gouv.sn\/wp-content\/uploads\/2024\/01\/IMG-20240116-WA0014-1000x646.jpg 1000w, https:\/\/www.culture.gouv.sn\/wp-content\/uploads\/2024\/01\/IMG-20240116-WA0014.jpg 1024w\" sizes=\"(max-width: 300px) 100vw, 300px\" \/><\/div>\n<\/div>\n\t\t<\/div><\/div><\/div><\/div>","protected":false},"excerpt":{"rendered":"<p>Dans le cadre du FESNAC 12, le Professeur Aliou Sow ministre de la Culture et Patrimoine Historique a r\u00e9ceptionn\u00e9 et install\u00e9 dans le mus\u00e9e du Monument de la Renaissance Africaine une donation compos\u00e9e de plusieurs \u0153uvres d&rsquo;art et du patrimoine du royaume ch\u00e9rifien. La r\u00e9ception s&rsquo;est d\u00e9roul\u00e9e en marge de la signature d&rsquo;un m\u00e9morandum d&rsquo;entente [&hellip;]<\/p>\n","protected":false},"author":1,"featured_media":13010,"comment_status":"open","ping_status":"open","sticky":false,"template":"","format":"standard","meta":{"ngg_post_thumbnail":0},"categories":[2],"tags":[],"_links":{"self":[{"href":"https:\/\/www.culture.gouv.sn\/index.php\/wp-json\/wp\/v2\/posts\/12998"}],"collection":[{"href":"https:\/\/www.culture.gouv.sn\/index.php\/wp-json\/wp\/v2\/posts"}],"about":[{"href":"https:\/\/www.culture.gouv.sn\/index.php\/wp-json\/wp\/v2\/types\/post"}],"author":[{"embeddable":true,"href":"https:\/\/www.culture.gouv.sn\/index.php\/wp-json\/wp\/v2\/users\/1"}],"replies":[{"embeddable":true,"href":"https:\/\/www.culture.gouv.sn\/index.php\/wp-json\/wp\/v2\/comments?post=12998"}],"version-history":[{"count":1,"href":"https:\/\/www.culture.gouv.sn\/index.php\/wp-json\/wp\/v2\/posts\/12998\/revisions"}],"predecessor-version":[{"id":13014,"href":"https:\/\/www.culture.gouv.sn\/index.php\/wp-json\/wp\/v2\/posts\/12998\/revisions\/13014"}],"wp:featuredmedia":[{"embeddable":true,"href":"https:\/\/www.culture.gouv.sn\/index.php\/wp-json\/wp\/v2\/media\/13010"}],"wp:attachment":[{"href":"https:\/\/www.culture.gouv.sn\/index.php\/wp-json\/wp\/v2\/media?parent=12998"}],"wp:term":[{"taxonomy":"category","embeddable":true,"href":"https:\/\/www.culture.gouv.sn\/index.php\/wp-json\/wp\/v2\/categories?post=12998"},{"taxonomy":"post_tag","embeddable":true,"href":"https:\/\/www.culture.gouv.sn\/index.php\/wp-json\/wp\/v2\/tags?post=12998"}],"curies":[{"name":"wp","href":"https:\/\/api.w.org\/{rel}","templated":true}]}}