{"id":13120,"date":"2024-04-24T12:32:13","date_gmt":"2024-04-24T12:32:13","guid":{"rendered":"http:\/\/www.culture.gouv.sn\/?p=13120"},"modified":"2024-04-24T12:32:13","modified_gmt":"2024-04-24T12:32:13","slug":"journee-mondiale-du-livre-des-livres-offerts-aux-pensionnaires-du-centre-aminata-mbaye","status":"publish","type":"post","link":"https:\/\/www.culture.gouv.sn\/index.php\/2024\/04\/24\/journee-mondiale-du-livre-des-livres-offerts-aux-pensionnaires-du-centre-aminata-mbaye\/","title":{"rendered":"Journ\u00e9e mondiale du livre\/ Des livres offerts aux pensionnaires du Centre Aminata Mbaye"},"content":{"rendered":"<div id=\"pl-13120\"  class=\"panel-layout\" ><div id=\"pg-13120-0\"  class=\"panel-grid panel-no-style\" ><div id=\"pgc-13120-0-0\"  class=\"panel-grid-cell\" ><div id=\"panel-13120-0-0-0\" class=\"so-panel widget widget_text panel-first-child panel-last-child\" data-index=\"0\" ><h3 class=\"widget-title\">Journ\u00e9e mondiale du livre\/ Des livres offerts aux pensionnaires du Centre Aminata Mbaye<\/h3>\t\t\t<div class=\"textwidget\"><p style=\"font-weight: 400;\">Madame Khady Di\u00e8ne GAYE, ministre de la Jeunesse, des Sports et de la Culture a pr\u00e9sid\u00e9 ce mardi 23 avril 2024 la c\u00e9r\u00e9monie c\u00e9l\u00e9brant la Journ\u00e9e mondiale du livre et du droit d\u2019auteur au Centre Aminata Mbaye \u00e0 la Scat Urbam \u00e0 Dakar.<\/p>\n<p style=\"font-weight: 400;\">Le Centre Aminata Mbaye choisi par le D\u00e9partement pour abriter la c\u00e9r\u00e9monie, est un lieu particulier qui accueille des enfants en situation de handicap intellectuel. C\u2019est donc pour apporter un appui et une solidarit\u00e9 agissante \u00e0 ces enfants que le minist\u00e8re a d\u00e9cid\u00e9 d\u2019offrir des ouvrages et du mat\u00e9riel p\u00e9dagogique en guise de contribution \u00e0 la th\u00e9rapie propos\u00e9e aux enfants selon la ministre Khady Di\u00e8ne Gaye.<\/p>\n<p style=\"font-weight: 400;\">Au total, 648 titres et 104 jeux ont \u00e9t\u00e9 offerts par Madame le ministre \u00e0 cet institut m\u00e9dico-\u00e9ducatif pour le renforcement de la biblioth\u00e8que et l\u2019am\u00e9lioration des apprentissages des enfants.<\/p>\n<p style=\"font-weight: 400;\">Une dotation vivement appr\u00e9ci\u00e9e par madame Marie Madeleine Amy DIONE, directrice g\u00e9n\u00e9rale des centres Aminata Mbaye.<\/p>\n<p style=\"font-weight: 400;\">La journ\u00e9e est c\u00e9l\u00e9br\u00e9e sur l\u2019ensemble du pays avec des activit\u00e9s riches et vari\u00e9es ax\u00e9es autour du livre et de la lecture. Il s\u2019agit \u00e0 travers ces manifestations de \u00ab\u00a0<em>susciter partout au S\u00e9n\u00e9gal des activit\u00e9s sp\u00e9cifiques destin\u00e9es \u00e0 la promotion du livre et de la lecture<\/em>\u00a0\u00bb selon Ibrahima LO, directeur du livre et de la lecture.<\/p>\n<p style=\"font-weight: 400;\">La comm\u00e9moration de la journ\u00e9e mondiale du livre et du droit d\u2019auteur est une r\u00e9solution de l\u2019UNESCO en date du 15 novembre 1995.<\/p>\n<p><img loading=\"lazy\" class=\"alignnone size-medium wp-image-13133\" src=\"http:\/\/www.culture.gouv.sn\/wp-content\/uploads\/2024\/04\/IMG-20240423-WA0084-300x225.jpg\" alt=\"\" width=\"300\" height=\"225\" srcset=\"https:\/\/www.culture.gouv.sn\/wp-content\/uploads\/2024\/04\/IMG-20240423-WA0084-300x225.jpg 300w, https:\/\/www.culture.gouv.sn\/wp-content\/uploads\/2024\/04\/IMG-20240423-WA0084-1024x768.jpg 1024w, https:\/\/www.culture.gouv.sn\/wp-content\/uploads\/2024\/04\/IMG-20240423-WA0084-768x576.jpg 768w, https:\/\/www.culture.gouv.sn\/wp-content\/uploads\/2024\/04\/IMG-20240423-WA0084-24x18.jpg 24w, https:\/\/www.culture.gouv.sn\/wp-content\/uploads\/2024\/04\/IMG-20240423-WA0084-36x27.jpg 36w, https:\/\/www.culture.gouv.sn\/wp-content\/uploads\/2024\/04\/IMG-20240423-WA0084-48x36.jpg 48w, https:\/\/www.culture.gouv.sn\/wp-content\/uploads\/2024\/04\/IMG-20240423-WA0084-600x450.jpg 600w, https:\/\/www.culture.gouv.sn\/wp-content\/uploads\/2024\/04\/IMG-20240423-WA0084-1000x750.jpg 1000w, https:\/\/www.culture.gouv.sn\/wp-content\/uploads\/2024\/04\/IMG-20240423-WA0084.jpg 1280w\" sizes=\"(max-width: 300px) 100vw, 300px\" \/> <img loading=\"lazy\" class=\"alignnone size-medium wp-image-13129\" src=\"http:\/\/www.culture.gouv.sn\/wp-content\/uploads\/2024\/04\/IMG-20240423-WA0073-300x225.jpg\" alt=\"\" width=\"300\" height=\"225\" srcset=\"https:\/\/www.culture.gouv.sn\/wp-content\/uploads\/2024\/04\/IMG-20240423-WA0073-300x225.jpg 300w, https:\/\/www.culture.gouv.sn\/wp-content\/uploads\/2024\/04\/IMG-20240423-WA0073-1024x768.jpg 1024w, https:\/\/www.culture.gouv.sn\/wp-content\/uploads\/2024\/04\/IMG-20240423-WA0073-768x576.jpg 768w, https:\/\/www.culture.gouv.sn\/wp-content\/uploads\/2024\/04\/IMG-20240423-WA0073-1536x1152.jpg 1536w, https:\/\/www.culture.gouv.sn\/wp-content\/uploads\/2024\/04\/IMG-20240423-WA0073-2048x1536.jpg 2048w, https:\/\/www.culture.gouv.sn\/wp-content\/uploads\/2024\/04\/IMG-20240423-WA0073-24x18.jpg 24w, https:\/\/www.culture.gouv.sn\/wp-content\/uploads\/2024\/04\/IMG-20240423-WA0073-36x27.jpg 36w, https:\/\/www.culture.gouv.sn\/wp-content\/uploads\/2024\/04\/IMG-20240423-WA0073-48x36.jpg 48w, https:\/\/www.culture.gouv.sn\/wp-content\/uploads\/2024\/04\/IMG-20240423-WA0073-600x450.jpg 600w, https:\/\/www.culture.gouv.sn\/wp-content\/uploads\/2024\/04\/IMG-20240423-WA0073-1000x750.jpg 1000w\" sizes=\"(max-width: 300px) 100vw, 300px\" \/><\/p>\n<p><img loading=\"lazy\" class=\"alignnone size-medium wp-image-13135\" src=\"http:\/\/www.culture.gouv.sn\/wp-content\/uploads\/2024\/04\/IMG-20240423-WA0088-225x300.jpg\" alt=\"\" width=\"225\" height=\"300\" srcset=\"https:\/\/www.culture.gouv.sn\/wp-content\/uploads\/2024\/04\/IMG-20240423-WA0088-225x300.jpg 225w, https:\/\/www.culture.gouv.sn\/wp-content\/uploads\/2024\/04\/IMG-20240423-WA0088-768x1024.jpg 768w, https:\/\/www.culture.gouv.sn\/wp-content\/uploads\/2024\/04\/IMG-20240423-WA0088-300x400.jpg 300w, https:\/\/www.culture.gouv.sn\/wp-content\/uploads\/2024\/04\/IMG-20240423-WA0088-1152x1536.jpg 1152w, https:\/\/www.culture.gouv.sn\/wp-content\/uploads\/2024\/04\/IMG-20240423-WA0088-1536x2048.jpg 1536w, https:\/\/www.culture.gouv.sn\/wp-content\/uploads\/2024\/04\/IMG-20240423-WA0088-18x24.jpg 18w, https:\/\/www.culture.gouv.sn\/wp-content\/uploads\/2024\/04\/IMG-20240423-WA0088-27x36.jpg 27w, https:\/\/www.culture.gouv.sn\/wp-content\/uploads\/2024\/04\/IMG-20240423-WA0088-36x48.jpg 36w, https:\/\/www.culture.gouv.sn\/wp-content\/uploads\/2024\/04\/IMG-20240423-WA0088-600x800.jpg 600w, https:\/\/www.culture.gouv.sn\/wp-content\/uploads\/2024\/04\/IMG-20240423-WA0088-1000x1333.jpg 1000w, https:\/\/www.culture.gouv.sn\/wp-content\/uploads\/2024\/04\/IMG-20240423-WA0088.jpg 1920w\" sizes=\"(max-width: 225px) 100vw, 225px\" \/> <img loading=\"lazy\" class=\"alignnone size-medium wp-image-13130\" src=\"http:\/\/www.culture.gouv.sn\/wp-content\/uploads\/2024\/04\/IMG-20240423-WA0075-300x225.jpg\" alt=\"\" width=\"300\" height=\"225\" srcset=\"https:\/\/www.culture.gouv.sn\/wp-content\/uploads\/2024\/04\/IMG-20240423-WA0075-300x225.jpg 300w, https:\/\/www.culture.gouv.sn\/wp-content\/uploads\/2024\/04\/IMG-20240423-WA0075-1024x768.jpg 1024w, https:\/\/www.culture.gouv.sn\/wp-content\/uploads\/2024\/04\/IMG-20240423-WA0075-768x576.jpg 768w, https:\/\/www.culture.gouv.sn\/wp-content\/uploads\/2024\/04\/IMG-20240423-WA0075-1536x1152.jpg 1536w, https:\/\/www.culture.gouv.sn\/wp-content\/uploads\/2024\/04\/IMG-20240423-WA0075-2048x1536.jpg 2048w, https:\/\/www.culture.gouv.sn\/wp-content\/uploads\/2024\/04\/IMG-20240423-WA0075-24x18.jpg 24w, https:\/\/www.culture.gouv.sn\/wp-content\/uploads\/2024\/04\/IMG-20240423-WA0075-36x27.jpg 36w, https:\/\/www.culture.gouv.sn\/wp-content\/uploads\/2024\/04\/IMG-20240423-WA0075-48x36.jpg 48w, https:\/\/www.culture.gouv.sn\/wp-content\/uploads\/2024\/04\/IMG-20240423-WA0075-600x450.jpg 600w, https:\/\/www.culture.gouv.sn\/wp-content\/uploads\/2024\/04\/IMG-20240423-WA0075-1000x750.jpg 1000w\" sizes=\"(max-width: 300px) 100vw, 300px\" \/><\/p>\n<p><img loading=\"lazy\" class=\"alignnone size-medium wp-image-13122\" src=\"http:\/\/www.culture.gouv.sn\/wp-content\/uploads\/2024\/04\/IMG-20240423-WA0053-300x225.jpg\" alt=\"\" width=\"300\" height=\"225\" srcset=\"https:\/\/www.culture.gouv.sn\/wp-content\/uploads\/2024\/04\/IMG-20240423-WA0053-300x225.jpg 300w, https:\/\/www.culture.gouv.sn\/wp-content\/uploads\/2024\/04\/IMG-20240423-WA0053-1024x768.jpg 1024w, https:\/\/www.culture.gouv.sn\/wp-content\/uploads\/2024\/04\/IMG-20240423-WA0053-768x576.jpg 768w, https:\/\/www.culture.gouv.sn\/wp-content\/uploads\/2024\/04\/IMG-20240423-WA0053-24x18.jpg 24w, https:\/\/www.culture.gouv.sn\/wp-content\/uploads\/2024\/04\/IMG-20240423-WA0053-36x27.jpg 36w, https:\/\/www.culture.gouv.sn\/wp-content\/uploads\/2024\/04\/IMG-20240423-WA0053-48x36.jpg 48w, https:\/\/www.culture.gouv.sn\/wp-content\/uploads\/2024\/04\/IMG-20240423-WA0053-600x450.jpg 600w, https:\/\/www.culture.gouv.sn\/wp-content\/uploads\/2024\/04\/IMG-20240423-WA0053-1000x750.jpg 1000w, https:\/\/www.culture.gouv.sn\/wp-content\/uploads\/2024\/04\/IMG-20240423-WA0053.jpg 1280w\" sizes=\"(max-width: 300px) 100vw, 300px\" \/> <img loading=\"lazy\" class=\"alignnone size-medium wp-image-13123\" src=\"http:\/\/www.culture.gouv.sn\/wp-content\/uploads\/2024\/04\/IMG-20240423-WA0059-225x300.jpg\" alt=\"\" width=\"225\" height=\"300\" srcset=\"https:\/\/www.culture.gouv.sn\/wp-content\/uploads\/2024\/04\/IMG-20240423-WA0059-225x300.jpg 225w, https:\/\/www.culture.gouv.sn\/wp-content\/uploads\/2024\/04\/IMG-20240423-WA0059-768x1024.jpg 768w, https:\/\/www.culture.gouv.sn\/wp-content\/uploads\/2024\/04\/IMG-20240423-WA0059-300x400.jpg 300w, https:\/\/www.culture.gouv.sn\/wp-content\/uploads\/2024\/04\/IMG-20240423-WA0059-1152x1536.jpg 1152w, https:\/\/www.culture.gouv.sn\/wp-content\/uploads\/2024\/04\/IMG-20240423-WA0059-1536x2048.jpg 1536w, https:\/\/www.culture.gouv.sn\/wp-content\/uploads\/2024\/04\/IMG-20240423-WA0059-18x24.jpg 18w, https:\/\/www.culture.gouv.sn\/wp-content\/uploads\/2024\/04\/IMG-20240423-WA0059-27x36.jpg 27w, https:\/\/www.culture.gouv.sn\/wp-content\/uploads\/2024\/04\/IMG-20240423-WA0059-36x48.jpg 36w, https:\/\/www.culture.gouv.sn\/wp-content\/uploads\/2024\/04\/IMG-20240423-WA0059-600x800.jpg 600w, https:\/\/www.culture.gouv.sn\/wp-content\/uploads\/2024\/04\/IMG-20240423-WA0059-1000x1333.jpg 1000w, https:\/\/www.culture.gouv.sn\/wp-content\/uploads\/2024\/04\/IMG-20240423-WA0059.jpg 1920w\" sizes=\"(max-width: 225px) 100vw, 225px\" \/><\/p>\n<p><img loading=\"lazy\" class=\"alignnone size-medium wp-image-13124\" src=\"http:\/\/www.culture.gouv.sn\/wp-content\/uploads\/2024\/04\/IMG-20240423-WA0060-300x225.jpg\" alt=\"\" width=\"300\" height=\"225\" srcset=\"https:\/\/www.culture.gouv.sn\/wp-content\/uploads\/2024\/04\/IMG-20240423-WA0060-300x225.jpg 300w, https:\/\/www.culture.gouv.sn\/wp-content\/uploads\/2024\/04\/IMG-20240423-WA0060-1024x768.jpg 1024w, https:\/\/www.culture.gouv.sn\/wp-content\/uploads\/2024\/04\/IMG-20240423-WA0060-768x576.jpg 768w, https:\/\/www.culture.gouv.sn\/wp-content\/uploads\/2024\/04\/IMG-20240423-WA0060-24x18.jpg 24w, https:\/\/www.culture.gouv.sn\/wp-content\/uploads\/2024\/04\/IMG-20240423-WA0060-36x27.jpg 36w, https:\/\/www.culture.gouv.sn\/wp-content\/uploads\/2024\/04\/IMG-20240423-WA0060-48x36.jpg 48w, https:\/\/www.culture.gouv.sn\/wp-content\/uploads\/2024\/04\/IMG-20240423-WA0060-600x450.jpg 600w, https:\/\/www.culture.gouv.sn\/wp-content\/uploads\/2024\/04\/IMG-20240423-WA0060-1000x750.jpg 1000w, https:\/\/www.culture.gouv.sn\/wp-content\/uploads\/2024\/04\/IMG-20240423-WA0060.jpg 1280w\" sizes=\"(max-width: 300px) 100vw, 300px\" \/> <img loading=\"lazy\" class=\"alignnone size-medium wp-image-13121\" src=\"http:\/\/www.culture.gouv.sn\/wp-content\/uploads\/2024\/04\/IMG-20240423-WA0024-225x300.jpg\" alt=\"\" width=\"225\" height=\"300\" srcset=\"https:\/\/www.culture.gouv.sn\/wp-content\/uploads\/2024\/04\/IMG-20240423-WA0024-225x300.jpg 225w, https:\/\/www.culture.gouv.sn\/wp-content\/uploads\/2024\/04\/IMG-20240423-WA0024-768x1024.jpg 768w, https:\/\/www.culture.gouv.sn\/wp-content\/uploads\/2024\/04\/IMG-20240423-WA0024-300x400.jpg 300w, https:\/\/www.culture.gouv.sn\/wp-content\/uploads\/2024\/04\/IMG-20240423-WA0024-18x24.jpg 18w, https:\/\/www.culture.gouv.sn\/wp-content\/uploads\/2024\/04\/IMG-20240423-WA0024-27x36.jpg 27w, https:\/\/www.culture.gouv.sn\/wp-content\/uploads\/2024\/04\/IMG-20240423-WA0024-36x48.jpg 36w, https:\/\/www.culture.gouv.sn\/wp-content\/uploads\/2024\/04\/IMG-20240423-WA0024-600x800.jpg 600w, https:\/\/www.culture.gouv.sn\/wp-content\/uploads\/2024\/04\/IMG-20240423-WA0024.jpg 960w\" sizes=\"(max-width: 225px) 100vw, 225px\" \/><\/p>\n<p><img loading=\"lazy\" class=\"alignnone size-medium wp-image-13128\" src=\"http:\/\/www.culture.gouv.sn\/wp-content\/uploads\/2024\/04\/IMG-20240423-WA0071-225x300.jpg\" alt=\"\" width=\"225\" height=\"300\" srcset=\"https:\/\/www.culture.gouv.sn\/wp-content\/uploads\/2024\/04\/IMG-20240423-WA0071-225x300.jpg 225w, https:\/\/www.culture.gouv.sn\/wp-content\/uploads\/2024\/04\/IMG-20240423-WA0071-768x1024.jpg 768w, https:\/\/www.culture.gouv.sn\/wp-content\/uploads\/2024\/04\/IMG-20240423-WA0071-300x400.jpg 300w, https:\/\/www.culture.gouv.sn\/wp-content\/uploads\/2024\/04\/IMG-20240423-WA0071-1152x1536.jpg 1152w, https:\/\/www.culture.gouv.sn\/wp-content\/uploads\/2024\/04\/IMG-20240423-WA0071-1536x2048.jpg 1536w, https:\/\/www.culture.gouv.sn\/wp-content\/uploads\/2024\/04\/IMG-20240423-WA0071-18x24.jpg 18w, https:\/\/www.culture.gouv.sn\/wp-content\/uploads\/2024\/04\/IMG-20240423-WA0071-27x36.jpg 27w, https:\/\/www.culture.gouv.sn\/wp-content\/uploads\/2024\/04\/IMG-20240423-WA0071-36x48.jpg 36w, https:\/\/www.culture.gouv.sn\/wp-content\/uploads\/2024\/04\/IMG-20240423-WA0071-600x800.jpg 600w, https:\/\/www.culture.gouv.sn\/wp-content\/uploads\/2024\/04\/IMG-20240423-WA0071-1000x1333.jpg 1000w, https:\/\/www.culture.gouv.sn\/wp-content\/uploads\/2024\/04\/IMG-20240423-WA0071.jpg 1920w\" sizes=\"(max-width: 225px) 100vw, 225px\" \/><\/p>\n<\/div>\n\t\t<\/div><\/div><\/div><\/div>","protected":false},"excerpt":{"rendered":"<p>Madame Khady Di\u00e8ne GAYE, ministre de la Jeunesse, des Sports et de la Culture a pr\u00e9sid\u00e9 ce mardi 23 avril 2024 la c\u00e9r\u00e9monie c\u00e9l\u00e9brant la Journ\u00e9e mondiale du livre et du droit d\u2019auteur au Centre Aminata Mbaye \u00e0 la Scat Urbam \u00e0 Dakar. Le Centre Aminata Mbaye choisi par le D\u00e9partement pour abriter la c\u00e9r\u00e9monie, [&hellip;]<\/p>\n","protected":false},"author":1,"featured_media":13136,"comment_status":"open","ping_status":"open","sticky":false,"template":"","format":"standard","meta":{"ngg_post_thumbnail":0},"categories":[2],"tags":[],"_links":{"self":[{"href":"https:\/\/www.culture.gouv.sn\/index.php\/wp-json\/wp\/v2\/posts\/13120"}],"collection":[{"href":"https:\/\/www.culture.gouv.sn\/index.php\/wp-json\/wp\/v2\/posts"}],"about":[{"href":"https:\/\/www.culture.gouv.sn\/index.php\/wp-json\/wp\/v2\/types\/post"}],"author":[{"embeddable":true,"href":"https:\/\/www.culture.gouv.sn\/index.php\/wp-json\/wp\/v2\/users\/1"}],"replies":[{"embeddable":true,"href":"https:\/\/www.culture.gouv.sn\/index.php\/wp-json\/wp\/v2\/comments?post=13120"}],"version-history":[{"count":2,"href":"https:\/\/www.culture.gouv.sn\/index.php\/wp-json\/wp\/v2\/posts\/13120\/revisions"}],"predecessor-version":[{"id":13139,"href":"https:\/\/www.culture.gouv.sn\/index.php\/wp-json\/wp\/v2\/posts\/13120\/revisions\/13139"}],"wp:featuredmedia":[{"embeddable":true,"href":"https:\/\/www.culture.gouv.sn\/index.php\/wp-json\/wp\/v2\/media\/13136"}],"wp:attachment":[{"href":"https:\/\/www.culture.gouv.sn\/index.php\/wp-json\/wp\/v2\/media?parent=13120"}],"wp:term":[{"taxonomy":"category","embeddable":true,"href":"https:\/\/www.culture.gouv.sn\/index.php\/wp-json\/wp\/v2\/categories?post=13120"},{"taxonomy":"post_tag","embeddable":true,"href":"https:\/\/www.culture.gouv.sn\/index.php\/wp-json\/wp\/v2\/tags?post=13120"}],"curies":[{"name":"wp","href":"https:\/\/api.w.org\/{rel}","templated":true}]}}