{"id":13154,"date":"2024-05-03T10:48:46","date_gmt":"2024-05-03T10:48:46","guid":{"rendered":"http:\/\/www.culture.gouv.sn\/?p=13154"},"modified":"2024-05-03T10:48:46","modified_gmt":"2024-05-03T10:48:46","slug":"journee-internationale-de-la-danse-la-tutelle-en-communion-avec-les-acteurs","status":"publish","type":"post","link":"https:\/\/www.culture.gouv.sn\/index.php\/2024\/05\/03\/journee-internationale-de-la-danse-la-tutelle-en-communion-avec-les-acteurs\/","title":{"rendered":"Journ\u00e9e internationale de la Danse: La tutelle en communion avec les acteurs"},"content":{"rendered":"<div id=\"pl-13154\"  class=\"panel-layout\" ><div id=\"pg-13154-0\"  class=\"panel-grid panel-no-style\" ><div id=\"pgc-13154-0-0\"  class=\"panel-grid-cell\" ><div id=\"panel-13154-0-0-0\" class=\"so-panel widget widget_text panel-first-child panel-last-child\" data-index=\"0\" ><h3 class=\"widget-title\">Journ\u00e9e internationale de la Danse: La tutelle en communion avec les acteurs<\/h3>\t\t\t<div class=\"textwidget\"><div dir=\"auto\">Au nom de Madame Khady Di\u00e8ne Gaye, ministre de la Jeunesse des Sports et de la Culture, Monsieur Bakary Sarr, Secr\u00e9taire d&rsquo;Etat \u00e0 la Culture, aux Industries cr\u00e9atives et au Patrimoine historique a pr\u00e9sid\u00e9 ce lundi 29 avril 2024, la c\u00e9r\u00e9monie de c\u00e9l\u00e9bration de la Journ\u00e9e internationale de la Danse au centre culturel Blaise Senghor de Dakar.<\/div>\n<div dir=\"auto\"><\/div>\n<div dir=\"auto\">Dans son message aux acteurs, le Secr\u00e9taire d&rsquo;\u00c9tat a d\u00e9clar\u00e9 que la Danse constitue un puissant vecteur de communication qui f\u00e9d\u00e8re les hommes et les esprits.<\/div>\n<div dir=\"auto\"><\/div>\n<div dir=\"auto\">Le d\u00e9veloppement du sous-secteur de la Danse, selon lui, cadre parfaitement avec la vision du Pr\u00e9sident de la R\u00e9publique, Bassirou Diomaye FAYE, de valorisation du patrimoine culturel mat\u00e9riel et immat\u00e9riel.<\/div>\n<div dir=\"auto\"><\/div>\n<div dir=\"auto\">Il a salu\u00e9 le travail men\u00e9 depuis des ann\u00e9es par les acteurs sous la coordination de la direction des Arts et qui a abouti \u00e0 l&rsquo;\u00e9laboration du Plan Strat\u00e9gique de D\u00e9veloppement du secteur (PSDD).<\/div>\n<div dir=\"auto\"><\/div>\n<div dir=\"auto\">Des activit\u00e9s sont pr\u00e9vues sur l&rsquo;ensemble du territoire : spectacles, prestations, \u00e9changes, pour marquer cette journ\u00e9e internationale d\u00e9di\u00e9e \u00e0 la Danse.<\/div>\n<div dir=\"auto\"><\/div>\n<div dir=\"auto\"><img loading=\"lazy\" class=\"alignnone size-medium wp-image-13161\" src=\"http:\/\/www.culture.gouv.sn\/wp-content\/uploads\/2024\/05\/IMG-20240430-WA0024-300x225.jpg\" alt=\"\" width=\"300\" height=\"225\" srcset=\"https:\/\/www.culture.gouv.sn\/wp-content\/uploads\/2024\/05\/IMG-20240430-WA0024-300x225.jpg 300w, https:\/\/www.culture.gouv.sn\/wp-content\/uploads\/2024\/05\/IMG-20240430-WA0024-1024x768.jpg 1024w, https:\/\/www.culture.gouv.sn\/wp-content\/uploads\/2024\/05\/IMG-20240430-WA0024-768x576.jpg 768w, https:\/\/www.culture.gouv.sn\/wp-content\/uploads\/2024\/05\/IMG-20240430-WA0024-24x18.jpg 24w, https:\/\/www.culture.gouv.sn\/wp-content\/uploads\/2024\/05\/IMG-20240430-WA0024-36x27.jpg 36w, https:\/\/www.culture.gouv.sn\/wp-content\/uploads\/2024\/05\/IMG-20240430-WA0024-48x36.jpg 48w, https:\/\/www.culture.gouv.sn\/wp-content\/uploads\/2024\/05\/IMG-20240430-WA0024-600x450.jpg 600w, https:\/\/www.culture.gouv.sn\/wp-content\/uploads\/2024\/05\/IMG-20240430-WA0024-1000x750.jpg 1000w, https:\/\/www.culture.gouv.sn\/wp-content\/uploads\/2024\/05\/IMG-20240430-WA0024.jpg 1080w\" sizes=\"(max-width: 300px) 100vw, 300px\" \/>\u00a0<img loading=\"lazy\" class=\"alignnone size-medium wp-image-13160\" src=\"http:\/\/www.culture.gouv.sn\/wp-content\/uploads\/2024\/05\/IMG-20240430-WA0023-300x225.jpg\" alt=\"\" width=\"300\" height=\"225\" srcset=\"https:\/\/www.culture.gouv.sn\/wp-content\/uploads\/2024\/05\/IMG-20240430-WA0023-300x225.jpg 300w, https:\/\/www.culture.gouv.sn\/wp-content\/uploads\/2024\/05\/IMG-20240430-WA0023-1024x768.jpg 1024w, https:\/\/www.culture.gouv.sn\/wp-content\/uploads\/2024\/05\/IMG-20240430-WA0023-768x576.jpg 768w, https:\/\/www.culture.gouv.sn\/wp-content\/uploads\/2024\/05\/IMG-20240430-WA0023-24x18.jpg 24w, https:\/\/www.culture.gouv.sn\/wp-content\/uploads\/2024\/05\/IMG-20240430-WA0023-36x27.jpg 36w, https:\/\/www.culture.gouv.sn\/wp-content\/uploads\/2024\/05\/IMG-20240430-WA0023-48x36.jpg 48w, https:\/\/www.culture.gouv.sn\/wp-content\/uploads\/2024\/05\/IMG-20240430-WA0023-600x450.jpg 600w, https:\/\/www.culture.gouv.sn\/wp-content\/uploads\/2024\/05\/IMG-20240430-WA0023-1000x750.jpg 1000w, https:\/\/www.culture.gouv.sn\/wp-content\/uploads\/2024\/05\/IMG-20240430-WA0023.jpg 1080w\" sizes=\"(max-width: 300px) 100vw, 300px\" \/><\/div>\n<div dir=\"auto\"><img loading=\"lazy\" class=\"alignnone size-medium wp-image-13159\" src=\"http:\/\/www.culture.gouv.sn\/wp-content\/uploads\/2024\/05\/IMG-20240430-WA0022-300x225.jpg\" alt=\"\" width=\"300\" height=\"225\" srcset=\"https:\/\/www.culture.gouv.sn\/wp-content\/uploads\/2024\/05\/IMG-20240430-WA0022-300x225.jpg 300w, https:\/\/www.culture.gouv.sn\/wp-content\/uploads\/2024\/05\/IMG-20240430-WA0022-768x576.jpg 768w, https:\/\/www.culture.gouv.sn\/wp-content\/uploads\/2024\/05\/IMG-20240430-WA0022-24x18.jpg 24w, https:\/\/www.culture.gouv.sn\/wp-content\/uploads\/2024\/05\/IMG-20240430-WA0022-36x27.jpg 36w, https:\/\/www.culture.gouv.sn\/wp-content\/uploads\/2024\/05\/IMG-20240430-WA0022-48x36.jpg 48w, https:\/\/www.culture.gouv.sn\/wp-content\/uploads\/2024\/05\/IMG-20240430-WA0022-600x450.jpg 600w, https:\/\/www.culture.gouv.sn\/wp-content\/uploads\/2024\/05\/IMG-20240430-WA0022.jpg 960w\" sizes=\"(max-width: 300px) 100vw, 300px\" \/> <img loading=\"lazy\" class=\"alignnone size-medium wp-image-13167\" src=\"http:\/\/www.culture.gouv.sn\/wp-content\/uploads\/2024\/05\/IMG-20240430-WA0009-300x225.jpg\" alt=\"\" width=\"300\" height=\"225\" srcset=\"https:\/\/www.culture.gouv.sn\/wp-content\/uploads\/2024\/05\/IMG-20240430-WA0009-300x225.jpg 300w, https:\/\/www.culture.gouv.sn\/wp-content\/uploads\/2024\/05\/IMG-20240430-WA0009-768x576.jpg 768w, https:\/\/www.culture.gouv.sn\/wp-content\/uploads\/2024\/05\/IMG-20240430-WA0009-24x18.jpg 24w, https:\/\/www.culture.gouv.sn\/wp-content\/uploads\/2024\/05\/IMG-20240430-WA0009-36x27.jpg 36w, https:\/\/www.culture.gouv.sn\/wp-content\/uploads\/2024\/05\/IMG-20240430-WA0009-48x36.jpg 48w, https:\/\/www.culture.gouv.sn\/wp-content\/uploads\/2024\/05\/IMG-20240430-WA0009-600x450.jpg 600w, https:\/\/www.culture.gouv.sn\/wp-content\/uploads\/2024\/05\/IMG-20240430-WA0009.jpg 960w\" sizes=\"(max-width: 300px) 100vw, 300px\" \/><\/div>\n<\/div>\n\t\t<\/div><\/div><\/div><\/div>","protected":false},"excerpt":{"rendered":"<p>Au nom de Madame Khady Di\u00e8ne Gaye, ministre de la Jeunesse des Sports et de la Culture, Monsieur Bakary Sarr, Secr\u00e9taire d&rsquo;Etat \u00e0 la Culture, aux Industries cr\u00e9atives et au Patrimoine historique a pr\u00e9sid\u00e9 ce lundi 29 avril 2024, la c\u00e9r\u00e9monie de c\u00e9l\u00e9bration de la Journ\u00e9e internationale de la Danse au centre culturel Blaise Senghor [&hellip;]<\/p>\n","protected":false},"author":1,"featured_media":13157,"comment_status":"open","ping_status":"open","sticky":false,"template":"","format":"standard","meta":{"ngg_post_thumbnail":0},"categories":[2],"tags":[],"_links":{"self":[{"href":"https:\/\/www.culture.gouv.sn\/index.php\/wp-json\/wp\/v2\/posts\/13154"}],"collection":[{"href":"https:\/\/www.culture.gouv.sn\/index.php\/wp-json\/wp\/v2\/posts"}],"about":[{"href":"https:\/\/www.culture.gouv.sn\/index.php\/wp-json\/wp\/v2\/types\/post"}],"author":[{"embeddable":true,"href":"https:\/\/www.culture.gouv.sn\/index.php\/wp-json\/wp\/v2\/users\/1"}],"replies":[{"embeddable":true,"href":"https:\/\/www.culture.gouv.sn\/index.php\/wp-json\/wp\/v2\/comments?post=13154"}],"version-history":[{"count":2,"href":"https:\/\/www.culture.gouv.sn\/index.php\/wp-json\/wp\/v2\/posts\/13154\/revisions"}],"predecessor-version":[{"id":13172,"href":"https:\/\/www.culture.gouv.sn\/index.php\/wp-json\/wp\/v2\/posts\/13154\/revisions\/13172"}],"wp:featuredmedia":[{"embeddable":true,"href":"https:\/\/www.culture.gouv.sn\/index.php\/wp-json\/wp\/v2\/media\/13157"}],"wp:attachment":[{"href":"https:\/\/www.culture.gouv.sn\/index.php\/wp-json\/wp\/v2\/media?parent=13154"}],"wp:term":[{"taxonomy":"category","embeddable":true,"href":"https:\/\/www.culture.gouv.sn\/index.php\/wp-json\/wp\/v2\/categories?post=13154"},{"taxonomy":"post_tag","embeddable":true,"href":"https:\/\/www.culture.gouv.sn\/index.php\/wp-json\/wp\/v2\/tags?post=13154"}],"curies":[{"name":"wp","href":"https:\/\/api.w.org\/{rel}","templated":true}]}}