{"id":1613,"date":"2019-07-24T03:28:19","date_gmt":"2019-07-24T03:28:19","guid":{"rendered":"http:\/\/localhost\/meg\/?p=107"},"modified":"2020-03-09T17:51:50","modified_gmt":"2020-03-09T17:51:50","slug":"sl","status":"publish","type":"post","link":"https:\/\/www.culture.gouv.sn\/index.php\/2019\/07\/24\/sl\/","title":{"rendered":"Saint-Louis : patrimoine mondial de l\u2019Unesco (2000)"},"content":{"rendered":"<p>Saint-Louis, porte oc\u00e9ane de l\u2019Afrique occidentale, fut le premier comptoir fran\u00e7ais sur la c\u00f4te atlantique de l\u2019Afrique en 1659. La petite \u00eele historique sera la capitale politique de la colonie et de l\u2019Afrique occidentale fran\u00e7aise (AOF) jusqu\u2019en 1902, puis capitale du S\u00e9n\u00e9gal et de la Mauritanie avant de tomber en disgr\u00e2ce du fait de l\u2019\u00e9mergence de&nbsp;Dakar.&nbsp;<\/p>\n<p>Ville tricentenaire de culture, Saint-Louis, c\u2019est aussi cette cit\u00e9 qui doit, en grande partie, son inscription au patrimoine mondial par cette remarquable coh\u00e9rence architecturale qui caract\u00e9rise son tissu urbain et son majestueux Pont Faidherbe.<\/p>\n","protected":false},"excerpt":{"rendered":"<p>Saint-Louis, porte oc\u00e9ane de l\u2019Afrique occidentale, fut le premier comptoir fran\u00e7ais sur la c\u00f4te atlantique de l\u2019Afrique en 1659. La petite \u00eele historique sera la capitale politique de la colonie et de l\u2019Afrique occidentale fran\u00e7aise (AOF) jusqu\u2019en 1902, puis capitale du S\u00e9n\u00e9gal et de la Mauritanie avant de tomber en disgr\u00e2ce du fait de l\u2019\u00e9mergence [&hellip;]<\/p>\n","protected":false},"author":1,"featured_media":5227,"comment_status":"open","ping_status":"open","sticky":false,"template":"","format":"standard","meta":{"ngg_post_thumbnail":0},"categories":[82],"tags":[106,102],"_links":{"self":[{"href":"https:\/\/www.culture.gouv.sn\/index.php\/wp-json\/wp\/v2\/posts\/1613"}],"collection":[{"href":"https:\/\/www.culture.gouv.sn\/index.php\/wp-json\/wp\/v2\/posts"}],"about":[{"href":"https:\/\/www.culture.gouv.sn\/index.php\/wp-json\/wp\/v2\/types\/post"}],"author":[{"embeddable":true,"href":"https:\/\/www.culture.gouv.sn\/index.php\/wp-json\/wp\/v2\/users\/1"}],"replies":[{"embeddable":true,"href":"https:\/\/www.culture.gouv.sn\/index.php\/wp-json\/wp\/v2\/comments?post=1613"}],"version-history":[{"count":2,"href":"https:\/\/www.culture.gouv.sn\/index.php\/wp-json\/wp\/v2\/posts\/1613\/revisions"}],"predecessor-version":[{"id":10010,"href":"https:\/\/www.culture.gouv.sn\/index.php\/wp-json\/wp\/v2\/posts\/1613\/revisions\/10010"}],"wp:featuredmedia":[{"embeddable":true,"href":"https:\/\/www.culture.gouv.sn\/index.php\/wp-json\/wp\/v2\/media\/5227"}],"wp:attachment":[{"href":"https:\/\/www.culture.gouv.sn\/index.php\/wp-json\/wp\/v2\/media?parent=1613"}],"wp:term":[{"taxonomy":"category","embeddable":true,"href":"https:\/\/www.culture.gouv.sn\/index.php\/wp-json\/wp\/v2\/categories?post=1613"},{"taxonomy":"post_tag","embeddable":true,"href":"https:\/\/www.culture.gouv.sn\/index.php\/wp-json\/wp\/v2\/tags?post=1613"}],"curies":[{"name":"wp","href":"https:\/\/api.w.org\/{rel}","templated":true}]}}