{"id":2699,"date":"2019-07-24T03:22:33","date_gmt":"2019-07-24T03:22:33","guid":{"rendered":"http:\/\/jellywp.com\/theme\/entron\/demo5\/?p=2699"},"modified":"2019-10-09T23:05:07","modified_gmt":"2019-10-09T23:05:07","slug":"memo-goree","status":"publish","type":"post","link":"https:\/\/www.culture.gouv.sn\/index.php\/2019\/07\/24\/memo-goree\/","title":{"rendered":"Revitalisation de la maison des esclaves de Gor\u00e9e"},"content":{"rendered":"<div id=\"pl-gb2699-69ee1f673f72f\"  class=\"panel-layout\" ><div id=\"pg-gb2699-69ee1f673f72f-0\"  class=\"panel-grid panel-no-style\" ><div id=\"pgc-gb2699-69ee1f673f72f-0-0\"  class=\"panel-grid-cell\" ><div id=\"panel-gb2699-69ee1f673f72f-0-0-0\" class=\"so-panel widget widget_text panel-first-child panel-last-child\" data-index=\"0\" >\t\t\t<div class=\"textwidget\"><p>\u0097<u><b>Porteur<\/b><\/u>: Direction du Patrimoine Culturel<\/p>\n<p>\u0097<u><b>Objectif<\/b><\/u>: Faire de la Maison des Esclaves un Centre mondial d&rsquo;excellence sur l&rsquo;histoire de la traite n\u00e9gri\u00e8re et ses h\u00e9ritages et un catalyseur pour le dialogue mondial sur la m\u00e9moire et la r\u00e9flexion face aux enjeux contemporains.<\/p>\n<p>\u0097<\/p>\n<p>\u0097<u><b>P\u00e9riode d\u2019ex\u00e9cution<\/b><\/u>: 2016 -2019<\/p>\n<p>\u0097<u><b>Budget total:<\/b><\/u> Etat du S\u00e9n\u00e9gal (800 000 dollars US) \u2013 Fondation FORD (1 million dollar US)<\/p>\n<ul>\n<li>2017: 125 000 000 fcfa;<\/li>\n<li>2018: 38\u00a0250\u00a0000 sur les 153 Millions inscrits fcfa;<\/li>\n<li>2019: 37\u00a0157\u00a0500 FCFA sur les 200 Millions inscrits fcfa<\/li>\n<\/ul>\n<p><u><b>NB<\/b><\/u><b>: Seuls<\/b> <b>200\u00a0407\u00a0500 FCFA de la contrepartie de l\u2019\u00e9tat du S\u00e9n\u00e9gal ont pu \u00eatre mobilis\u00e9s sur les 478 000 000 FCFA pr\u00e9vus en 03 ans. <\/b><\/p>\n<\/div>\n\t\t<\/div><\/div><\/div><\/div>","protected":false},"excerpt":{"rendered":"","protected":false},"author":1,"featured_media":5177,"comment_status":"open","ping_status":"open","sticky":false,"template":"","format":"quote","meta":{"ngg_post_thumbnail":0},"categories":[9],"tags":[105,103],"_links":{"self":[{"href":"https:\/\/www.culture.gouv.sn\/index.php\/wp-json\/wp\/v2\/posts\/2699"}],"collection":[{"href":"https:\/\/www.culture.gouv.sn\/index.php\/wp-json\/wp\/v2\/posts"}],"about":[{"href":"https:\/\/www.culture.gouv.sn\/index.php\/wp-json\/wp\/v2\/types\/post"}],"author":[{"embeddable":true,"href":"https:\/\/www.culture.gouv.sn\/index.php\/wp-json\/wp\/v2\/users\/1"}],"replies":[{"embeddable":true,"href":"https:\/\/www.culture.gouv.sn\/index.php\/wp-json\/wp\/v2\/comments?post=2699"}],"version-history":[{"count":5,"href":"https:\/\/www.culture.gouv.sn\/index.php\/wp-json\/wp\/v2\/posts\/2699\/revisions"}],"predecessor-version":[{"id":6968,"href":"https:\/\/www.culture.gouv.sn\/index.php\/wp-json\/wp\/v2\/posts\/2699\/revisions\/6968"}],"wp:featuredmedia":[{"embeddable":true,"href":"https:\/\/www.culture.gouv.sn\/index.php\/wp-json\/wp\/v2\/media\/5177"}],"wp:attachment":[{"href":"https:\/\/www.culture.gouv.sn\/index.php\/wp-json\/wp\/v2\/media?parent=2699"}],"wp:term":[{"taxonomy":"category","embeddable":true,"href":"https:\/\/www.culture.gouv.sn\/index.php\/wp-json\/wp\/v2\/categories?post=2699"},{"taxonomy":"post_tag","embeddable":true,"href":"https:\/\/www.culture.gouv.sn\/index.php\/wp-json\/wp\/v2\/tags?post=2699"}],"curies":[{"name":"wp","href":"https:\/\/api.w.org\/{rel}","templated":true}]}}