{"id":2808,"date":"2020-06-20T10:27:00","date_gmt":"2020-06-20T10:27:00","guid":{"rendered":"http:\/\/jellywp.com\/theme\/entron\/demo5\/?p=2808"},"modified":"2020-06-21T13:29:16","modified_gmt":"2020-06-21T13:29:16","slug":"appels-a-candidatures","status":"publish","type":"post","link":"https:\/\/www.culture.gouv.sn\/index.php\/2020\/06\/20\/appels-a-candidatures\/","title":{"rendered":"Appels \u00e0 candidatures"},"content":{"rendered":"<p><img loading=\"lazy\" class=\"alignnone  wp-image-10165\" src=\"http:\/\/www.culture.gouv.sn\/wp-content\/uploads\/2020\/03\/1-232x300.png\" alt=\"\" width=\"190\" height=\"246\" srcset=\"https:\/\/www.culture.gouv.sn\/wp-content\/uploads\/2020\/03\/1-232x300.png 232w, https:\/\/www.culture.gouv.sn\/wp-content\/uploads\/2020\/03\/1-600x777.png 600w, https:\/\/www.culture.gouv.sn\/wp-content\/uploads\/2020\/03\/1-791x1024.png 791w, https:\/\/www.culture.gouv.sn\/wp-content\/uploads\/2020\/03\/1-768x995.png 768w, https:\/\/www.culture.gouv.sn\/wp-content\/uploads\/2020\/03\/1-19x24.png 19w, https:\/\/www.culture.gouv.sn\/wp-content\/uploads\/2020\/03\/1-28x36.png 28w, https:\/\/www.culture.gouv.sn\/wp-content\/uploads\/2020\/03\/1-37x48.png 37w, https:\/\/www.culture.gouv.sn\/wp-content\/uploads\/2020\/03\/1.png 800w\" sizes=\"(max-width: 190px) 100vw, 190px\" \/><\/p>\n<h6 style=\"text-align: center;\">APPEL A CANDIDATURES POUR L\u2019ACQUISITON D\u2019\u0152UVRES D\u2019ART POUR LE<br>DOMAINE PRIVE ARTISTIQUE DE L\u2019\u00c9TAT DU S\u00c9N\u00c9GAL DANS LE CADRE DU<br>FONDS COVID 19 AFFECTE AU SECTEUR DES ARTS ET DE LA CULTURE<\/h6>\n<p><strong>Introduction<\/strong><br>Dans le but d\u2019accompagner les acteurs du secteur \u00e0 faire face aux effets induits par la<br>Covid 19, Monsieur le Pr\u00e9sident de la R\u00e9publique a affect\u00e9, \u00e0 l\u2019issue du Conseil des Ministres<br>du mercredi 03 juin 2020, un montant de trois milliards (3 000 000 000) F.CFA au secteur<br>des Arts et de la Culture, dans le cadre du Programme de R\u00e9silience Economique et Social<br>(PRES).<br>Cet appui sp\u00e9cifique de l\u2019Etat au secteur a pour finalit\u00e9 d\u2019apporter des aides d\u2019urgence aux<br>acteurs et de permettre une reprise des activit\u00e9s \u00e9conomiques du secteur compte tenu du<br>report voire de l\u2019annulation de certaines manifestations du fait de la pand\u00e9mie.<br>Le Ministre de la Culture et de la Communication, ma\u00eetre d\u2019ouvrage culturel pour le compte<br>de l\u2019Etat du S\u00e9n\u00e9gal, en accord avec le sous-secteur des arts visuels, envisage l\u2019acquisition<br>directe, suite \u00e0 un appel \u00e0 candidatures, d\u2019\u0153uvres d\u2019art \u00e0 verser dans le patrimoine<br>artistique priv\u00e9 de l\u2019\u00e9tat conform\u00e9ment au d\u00e9cret N\u00b067-934 du 11 janvier 1967.<br>A cet effet, les artistes visuels r\u00e9sidant au S\u00e9n\u00e9gal sont inform\u00e9s qu\u2019un appel \u00e0<br>candidatures est ouvert pour la s\u00e9lection d\u2019\u0153uvres d\u2019art destin\u00e9s au renforcement du<br>Domaine Priv\u00e9 Artistique de l\u2019Etat.<br><strong>Les inscriptions peuvent \u00eatre effectu\u00e9es dans la p\u00e9riode du 22 juin 2020 \u00e0 9<\/strong><br><strong>heures pr\u00e9cises au 27 juin 2020 \u00e0 16 h 30 pr\u00e9cises au Minist\u00e8re de la Culture et<\/strong><br><strong>de la Communication, Secr\u00e9tariat g\u00e9n\u00e9ral de la Biennale de l\u2019Art africain<\/strong><br><strong>contemporain sis 19 avenue Hassan II DAKAR (t\u00e9l : 33 823 09 18). Email :<\/strong><br><strong>covid19@biennaledakar.org.<\/strong><\/p>\n<p><strong>R\u00e8glement de la S\u00e9lection<\/strong><br>Dans le cadre de la politique de valorisation de la cr\u00e9ation artistique et du patrimoine<br>culturel du S\u00e9n\u00e9gal, le Minist\u00e8re de la Culture et de la Communication est l\u2019initiateur de la pr\u00e9sente s\u00e9lection. Il assure l\u2019achat des \u0153uvres et est responsable de leur mise en place.<br>Les \u0153uvres s\u00e9lectionn\u00e9es deviennent la propri\u00e9t\u00e9 de l\u2019Etat du S\u00e9n\u00e9gal mais leurs cr\u00e9ateurs<br>en conservent la propri\u00e9t\u00e9 artistique.<\/p>\n<p>Pour participer \u00e0 la s\u00e9lection, les artistes devront remplir la fiche d\u2019inscription disponible<br>du 22 juin au 27 juin 2020 aux adresses ci- apr\u00e8s :<br><strong>A DAKAR<\/strong> : aupr\u00e8s du Minist\u00e8re de la Culture et de la Communication, Secr\u00e9tariat g\u00e9n\u00e9ral<br>de la Biennale de l\u2019Art africain contemporain, 19 avenue Hassan II DAKAR T\u00e9l : 33 823 09<br>18 ou au Centre culturel Blaise Senghor, sis au Boulevard Dial DIOP T\u00e9l : 33 825 78 57.<br><strong>DANS LES REGIONS :<\/strong> aupr\u00e8s des centres culturels<br>1. CCR DIOURBEL, T\u00e9l.: 33 971 11 07;<br>2. CCR FATICK, T\u00e9l: 33 949 13 26;<br>3. CCR KAFFRINE, Tel: 33 946 17 87;<br>4. CCR KAOLACK, T\u00e9l: 33 941 1813;<br>5. CCR KEDOUGOU, T\u00e9l: 33 980 62 66;<br>6. CCR KOLDA, T\u00e9l : 33996 12 43 ;<br>7. CCR LOUGA, T\u00e9l : 33967 12 98 ;<br>8. CCR MATAM, T\u00e9l : 33 966 65 72 ;<br>9. CCR SAINT- LOUIS, T\u00e9l : 33961 10 11;<br>10. CCR SEDHIOU, T\u00e9l : 33 995 02 25 ;<br>11. CCR TAMBACOUNDA, T\u00e9l: 33 981 12 16;<br>12. CCR THIES, T\u00e9l : 33 951 15 20 ;<br>13. CCR ZIGUINCHOR, T\u00e9l : 33 991 10 94.<br>La fiche d\u2019inscription est \u00e9galement t\u00e9l\u00e9chargeable sur le site du Secr\u00e9tariat g\u00e9n\u00e9ral de la<br>Biennale de l\u2019Art africain contemporain : <strong>www.biennaledakar.org<\/strong>.<br>Les candidats devront soumettre deux \u0153uvres maximum et un dossier comprenant<\/p>\n<p><strong>Obligatoirement :<\/strong><br>1. La fiche d\u2019inscription dument renseign\u00e9e ;<br>2. La reproduction en haute d\u00e9finition (300dpi pour 30&#215;50 cm) des \u0153uvres propos\u00e9es<br>sur support papier ou num\u00e9rique (photographies, USB) ;<br>3. Le texte de pr\u00e9sentation de chaque \u0153uvre ;<br>4. La fiche technique de chaque \u0153uvre ;<br>5. Le co\u00fbt estim\u00e9 de chaque \u0153uvre ;<br>6. La biographie de 15 lignes maximum en fran\u00e7ais de l\u2019artiste ;<br>7. La copie recto verso de la carte d\u2019identit\u00e9 nationale ou la copie du passeport en<br>cours de validit\u00e9 de l\u2019artiste ;<br>8. Le certificat de r\u00e9sidence ;<br>Les dossiers peuvent \u00eatre d\u00e9pos\u00e9s aupr\u00e8s du Secr\u00e9tariat g\u00e9n\u00e9ral de la Biennale de l\u2019Art<br>africain contemporain ou \u00eatre envoy\u00e9s \u00e0 l\u2019adresse \u00e9lectronique suivante :<br><strong>covid19@biennaledakar.org<\/strong>.<br>Ces documents ne sont pas retourn\u00e9s \u00e0 l\u2019artiste apr\u00e8s les d\u00e9lib\u00e9rations de la Commission<br>de s\u00e9lection.<\/p>\n<p>L\u2019artiste s\u2019engage \u00e0 prendre en charge l\u2019emballage et le transport de l\u2019\u0153uvre s\u00e9lectionn\u00e9e.<br>Dans la perspective d\u2019un \u00e9ventuel r\u00e8glement, l\u2019artiste doit \u00e9galement fournir un relev\u00e9<br>d\u2019identit\u00e9 bancaire.<\/p>\n<p><strong>Commission de s\u00e9lection<\/strong><br>La Commission de s\u00e9lection est compos\u00e9e de personnalit\u00e9s disposant d\u2019une exp\u00e9rience<br>reconnue dans le domaine des arts. Les membres de la Commission sont nomm\u00e9s par<br>arr\u00eat\u00e9 du Ministre de la Culture et de la Communication.<br>Les \u0153uvres s\u00e9lectionn\u00e9es devront \u00eatre originales avec une qualit\u00e9 artistique et technique<br>av\u00e9r\u00e9e.<br>Tout dossier incomplet ou non conforme aux exigences du pr\u00e9sent r\u00e8glement sera class\u00e9<br>sans suite.<\/p>\n<p><strong>Droits et exploitation des \u0153uvres<\/strong><br>En participant \u00e0 la pr\u00e9sente s\u00e9lection, les artistes autorisent le Minist\u00e8re de la Culture et<br>de la Communication \u00e0 diffuser leurs \u0153uvres \u00e0 des fins de communication et de publicit\u00e9.<br>Le Minist\u00e8re se r\u00e9serve le droit d&rsquo;utiliser l&rsquo;\u0153uvre ou des reproductions photographiques<br>et\/ou film\u00e9es, mais de mani\u00e8re non pr\u00e9judiciable \u00e0 l&rsquo;honneur ou \u00e0 la r\u00e9putation de l&rsquo;auteur.<br>Le cr\u00e9ateur et l&rsquo;\u0153uvre sont identifi\u00e9s dans les documents imprim\u00e9s ou les \u0153uvres<br>enregistr\u00e9es par le Minist\u00e8re.<br>Toute reproduction photographique \u00e0 des fins commerciales d&rsquo;une \u0153uvre ou d&rsquo;une partie<br>d&rsquo;une \u0153uvre fait l&rsquo;objet d&rsquo;une entente sp\u00e9ciale entre l&rsquo;artiste et le demandeur.<\/p>\n<p style=\"text-align: left;\"><strong>Dispositions d\u2019ordre g\u00e9n\u00e9ral<\/strong><br>La soumission de toute candidature \u00e0 la pr\u00e9sente s\u00e9lection implique l\u2019acceptation du<br>pr\u00e9sent r\u00e8glement, ainsi que des conditions qui s\u2019y rattachent.<br>Les artistes devront \u00eatre dispos\u00e9s \u00e0 effectuer des ajustements aux prix des \u0153uvres<br>propos\u00e9es.<br>En faisant acte de candidature, les artistes se soumettent aux d\u00e9cisions de la commission<br>de s\u00e9lection, seule comp\u00e9tente dans l\u2019application du pr\u00e9sent r\u00e8glement. Les d\u00e9cisions<br>prises et annonc\u00e9es sont finales et sans appel.<\/p>\n\n\n<p class=\"has-text-align-right\"><strong>Fait \u00e0 Dakar, le 19 juin 2020<\/strong><\/p>\n","protected":false},"excerpt":{"rendered":"<p>APPEL A CANDIDATURES POUR L\u2019ACQUISITON D\u2019\u0152UVRES D\u2019ART POUR LEDOMAINE PRIVE ARTISTIQUE DE L\u2019\u00c9TAT DU S\u00c9N\u00c9GAL DANS LE CADRE DUFONDS COVID 19 AFFECTE AU SECTEUR DES ARTS ET DE LA CULTURE IntroductionDans le but d\u2019accompagner les acteurs du secteur \u00e0 faire face aux effets induits par laCovid 19, Monsieur le Pr\u00e9sident de la R\u00e9publique a affect\u00e9, [&hellip;]<\/p>\n","protected":false},"author":1,"featured_media":5811,"comment_status":"open","ping_status":"open","sticky":false,"template":"","format":"standard","meta":{"ngg_post_thumbnail":0},"categories":[3],"tags":[111],"_links":{"self":[{"href":"https:\/\/www.culture.gouv.sn\/index.php\/wp-json\/wp\/v2\/posts\/2808"}],"collection":[{"href":"https:\/\/www.culture.gouv.sn\/index.php\/wp-json\/wp\/v2\/posts"}],"about":[{"href":"https:\/\/www.culture.gouv.sn\/index.php\/wp-json\/wp\/v2\/types\/post"}],"author":[{"embeddable":true,"href":"https:\/\/www.culture.gouv.sn\/index.php\/wp-json\/wp\/v2\/users\/1"}],"replies":[{"embeddable":true,"href":"https:\/\/www.culture.gouv.sn\/index.php\/wp-json\/wp\/v2\/comments?post=2808"}],"version-history":[{"count":5,"href":"https:\/\/www.culture.gouv.sn\/index.php\/wp-json\/wp\/v2\/posts\/2808\/revisions"}],"predecessor-version":[{"id":10282,"href":"https:\/\/www.culture.gouv.sn\/index.php\/wp-json\/wp\/v2\/posts\/2808\/revisions\/10282"}],"wp:featuredmedia":[{"embeddable":true,"href":"https:\/\/www.culture.gouv.sn\/index.php\/wp-json\/wp\/v2\/media\/5811"}],"wp:attachment":[{"href":"https:\/\/www.culture.gouv.sn\/index.php\/wp-json\/wp\/v2\/media?parent=2808"}],"wp:term":[{"taxonomy":"category","embeddable":true,"href":"https:\/\/www.culture.gouv.sn\/index.php\/wp-json\/wp\/v2\/categories?post=2808"},{"taxonomy":"post_tag","embeddable":true,"href":"https:\/\/www.culture.gouv.sn\/index.php\/wp-json\/wp\/v2\/tags?post=2808"}],"curies":[{"name":"wp","href":"https:\/\/api.w.org\/{rel}","templated":true}]}}