{"id":2965,"date":"2019-07-24T09:07:57","date_gmt":"2019-07-24T09:07:57","guid":{"rendered":"http:\/\/jellywp.com\/theme\/entron\/demo5\/?p=2965"},"modified":"2019-08-01T08:55:03","modified_gmt":"2019-08-01T08:55:03","slug":"mati-diop-recue","status":"publish","type":"post","link":"https:\/\/www.culture.gouv.sn\/index.php\/2019\/07\/24\/mati-diop-recue\/","title":{"rendered":"Mati Diop re\u00e7ue par le Chef de l\u2019Etat  La cin\u00e9aste Mati Diop et des professionnels du cin\u00e9ma \u00e9lev\u00e9s au grade de chevalier dans l\u2019Ordre national du lion"},"content":{"rendered":"<p>Le pr\u00e9sident de la R\u00e9publique, Macky Sall a nomm\u00e9 au grade de chevalier de l\u2019Ordre national du Lion neuf professionnels du cin\u00e9ma s\u00e9n\u00e9galais, dont la r\u00e9alisatrice Mati Diop, laur\u00e9ate du Grand Prix du 72\u00e8me Festival international du film de Cannes (France). Ils ont re\u00e7u leur d\u00e9coration des mains du chef de l\u2019Etat lors d\u2019une audience accord\u00e9e \u00e0 la d\u00e9l\u00e9gation s\u00e9n\u00e9galaise du Festival de Cannes, qui comprenait, parmi d\u2019autres membres, l\u2019\u00e9quipe du film \u2018\u2019<strong><em>Atlantique<\/em><\/strong>\u2019\u2019 de la Franco-S\u00e9n\u00e9galaise Mati Diop, laur\u00e9ate du Grand Prix.<\/p>\n<p style=\"text-align: left;\">Le ministre de la Culture et de la Communication, Abdoulaye Diop, le directeur de la cin\u00e9matographie, Hugues Diaz, les acteurs du film \u2018\u2019Atlantique\u2019\u2019 Ibrahima Traor\u00e9 (Souleimane) et Bineta San\u00e9 (Ada) \u00e9taient pr\u00e9sents \u00e0 l\u2019audience accord\u00e9e par le pr\u00e9sident de la R\u00e9publique au Palais pr\u00e9sidentiel.<\/p>\n<p>Les cin\u00e9astes Mati Diop, Ousmane William Mbaye et Moussa Tour\u00e9, ainsi que le directeur du studio de production cin\u00e9matographique et audiovisuelle \u2018\u2019Cin\u00e9kap\u2019\u2019, Oumar Sall, les acteurs Rokhaya Niang et Ibrahima Mbaye \u2018\u2019Thi\u00e9\u2019\u2019, et le chef machiniste Arona Camara ont aussi \u00e9t\u00e9 d\u00e9cor\u00e9s par le Pr\u00e9sident de la R\u00e9publique.<\/p>\n<p>Le journaliste et critique de cin\u00e9ma Baba Diop, le com\u00e9dien Lamine Ndiaye et le cin\u00e9aste Alain Gomis, nomm\u00e9s eux aussi au grade de chevalier de l\u2019Ordre national du Lion et absents du territoire national, recevront leur d\u00e9coration des mains du ministre de la Communication et de la Culture.<\/p>\n<p>Le Chef de l\u2019Etat a \u00e9mis son souhait de voir l\u2019institution d\u2019un Prix Cheikh Anta Diop au prochain FESPACO.<\/p>\n","protected":false},"excerpt":{"rendered":"<p>Le pr\u00e9sident de la R\u00e9publique, Macky Sall a nomm\u00e9 au grade de chevalier de l\u2019Ordre national du Lion neuf professionnels du cin\u00e9ma s\u00e9n\u00e9galais, dont la r\u00e9alisatrice Mati Diop, laur\u00e9ate du Grand Prix du 72\u00e8me Festival international du film de Cannes (France). Ils ont re\u00e7u leur d\u00e9coration des mains du chef de l\u2019Etat lors d\u2019une audience [&hellip;]<\/p>\n","protected":false},"author":1,"featured_media":5632,"comment_status":"open","ping_status":"open","sticky":false,"template":"","format":"quote","meta":{"ngg_post_thumbnail":0},"categories":[2],"tags":[99],"_links":{"self":[{"href":"https:\/\/www.culture.gouv.sn\/index.php\/wp-json\/wp\/v2\/posts\/2965"}],"collection":[{"href":"https:\/\/www.culture.gouv.sn\/index.php\/wp-json\/wp\/v2\/posts"}],"about":[{"href":"https:\/\/www.culture.gouv.sn\/index.php\/wp-json\/wp\/v2\/types\/post"}],"author":[{"embeddable":true,"href":"https:\/\/www.culture.gouv.sn\/index.php\/wp-json\/wp\/v2\/users\/1"}],"replies":[{"embeddable":true,"href":"https:\/\/www.culture.gouv.sn\/index.php\/wp-json\/wp\/v2\/comments?post=2965"}],"version-history":[{"count":3,"href":"https:\/\/www.culture.gouv.sn\/index.php\/wp-json\/wp\/v2\/posts\/2965\/revisions"}],"predecessor-version":[{"id":5635,"href":"https:\/\/www.culture.gouv.sn\/index.php\/wp-json\/wp\/v2\/posts\/2965\/revisions\/5635"}],"wp:featuredmedia":[{"embeddable":true,"href":"https:\/\/www.culture.gouv.sn\/index.php\/wp-json\/wp\/v2\/media\/5632"}],"wp:attachment":[{"href":"https:\/\/www.culture.gouv.sn\/index.php\/wp-json\/wp\/v2\/media?parent=2965"}],"wp:term":[{"taxonomy":"category","embeddable":true,"href":"https:\/\/www.culture.gouv.sn\/index.php\/wp-json\/wp\/v2\/categories?post=2965"},{"taxonomy":"post_tag","embeddable":true,"href":"https:\/\/www.culture.gouv.sn\/index.php\/wp-json\/wp\/v2\/tags?post=2965"}],"curies":[{"name":"wp","href":"https:\/\/api.w.org\/{rel}","templated":true}]}}