{"id":5614,"date":"2019-07-30T09:02:44","date_gmt":"2019-07-30T09:02:44","guid":{"rendered":"http:\/\/www.cultureetcommunication.sn\/?p=5614"},"modified":"2019-08-01T09:13:55","modified_gmt":"2019-08-01T09:13:55","slug":"statut-de-lartiste-et-des-professionnels-de-la-culture","status":"publish","type":"post","link":"https:\/\/www.culture.gouv.sn\/index.php\/2019\/07\/30\/statut-de-lartiste-et-des-professionnels-de-la-culture\/","title":{"rendered":"Statut de l\u2019artiste et des professionnels de la culture"},"content":{"rendered":"<div id=\"pl-5614\"  class=\"panel-layout\" ><div id=\"pg-5614-0\"  class=\"panel-grid panel-no-style\" ><div id=\"pgc-5614-0-0\"  class=\"panel-grid-cell\" ><div id=\"panel-5614-0-0-0\" class=\"so-panel widget widget_text panel-first-child\" data-index=\"0\" ><h3 class=\"widget-title\">Le Projet de texte en phase de finalisation<\/h3>\t\t\t<div class=\"textwidget\"><p>Apr\u00e8s plusieurs ann\u00e9es de r\u00e9flexion, on s&rsquo;achemine vers la mise en place du statut de l&rsquo;artiste et des professionnels de la culture. Un pas d\u00e9cisif a \u00e9t\u00e9 franchi dans ce sens \u00e0 l&rsquo;occasion d&rsquo;un atelier de trois jours qui a regroup\u00e9, sur initiative du minist\u00e8re de la culture, des acteurs culturels, des sp\u00e9cialistes du droit, des repr\u00e9sentants d&rsquo;institutions de la r\u00e9publique et des minist\u00e8res sectoriels.<\/p>\n<p>L&rsquo;une des nouveaut\u00e9s du texte adopt\u00e9 \u00e0 l&rsquo;issue de cet atelier, est la\u00a0possibilit\u00e9 pour l\u2019artiste, consid\u00e9r\u00e9 d\u00e9sormais comme un travailleur de b\u00e9n\u00e9ficier de la couverture sociale (m\u00e9dicale)\u00a0et de tous les avantages y aff\u00e9rents.<\/p>\n<p>Le ministre de la culture et de la communication, Abdoulaye Diop a indiqu\u00e9 que le texte adopt\u00e9 \u00e0 Saly Portudal, sera bient\u00f4t soumis au Gouvernement avant sa transmission \u00e0 l\u2019Assembl\u00e9e Nationale.<\/p>\n<\/div>\n\t\t<\/div><div id=\"panel-5614-0-0-1\" class=\"so-panel widget widget_media_gallery panel-last-child\" data-index=\"1\" >\n\t\t<style type=\"text\/css\">\n\t\t\t#gallery-1 {\n\t\t\t\tmargin: auto;\n\t\t\t}\n\t\t\t#gallery-1 .gallery-item {\n\t\t\t\tfloat: left;\n\t\t\t\tmargin-top: 10px;\n\t\t\t\ttext-align: center;\n\t\t\t\twidth: 33%;\n\t\t\t}\n\t\t\t#gallery-1 img {\n\t\t\t\tborder: 2px solid #cfcfcf;\n\t\t\t}\n\t\t\t#gallery-1 .gallery-caption {\n\t\t\t\tmargin-left: 0;\n\t\t\t}\n\t\t\t\/* see gallery_shortcode() in wp-includes\/media.php *\/\n\t\t<\/style>\n\t\t<div id='gallery-1' class='gallery galleryid-5614 gallery-columns-3 gallery-size-thumbnail'><dl class='gallery-item'>\n\t\t\t<dt class='gallery-icon landscape'>\n\t\t\t\t<a href='https:\/\/www.culture.gouv.sn\/index.php\/2019\/07\/30\/statut-de-lartiste-et-des-professionnels-de-la-culture\/attachment\/7\/'><img width=\"150\" height=\"150\" src=\"https:\/\/www.culture.gouv.sn\/wp-content\/uploads\/2019\/07\/7-150x150.jpeg\" class=\"attachment-thumbnail size-thumbnail\" alt=\"\" loading=\"lazy\" srcset=\"https:\/\/www.culture.gouv.sn\/wp-content\/uploads\/2019\/07\/7-150x150.jpeg 150w, https:\/\/www.culture.gouv.sn\/wp-content\/uploads\/2019\/07\/7-300x300.jpeg 300w, https:\/\/www.culture.gouv.sn\/wp-content\/uploads\/2019\/07\/7-100x100.jpeg 100w, https:\/\/www.culture.gouv.sn\/wp-content\/uploads\/2019\/07\/7-120x120.jpeg 120w\" sizes=\"(max-width: 150px) 100vw, 150px\" \/><\/a>\n\t\t\t<\/dt><\/dl><dl class='gallery-item'>\n\t\t\t<dt class='gallery-icon landscape'>\n\t\t\t\t<a href='https:\/\/www.culture.gouv.sn\/index.php\/2019\/07\/30\/statut-de-lartiste-et-des-professionnels-de-la-culture\/attachment\/6\/'><img width=\"150\" height=\"150\" src=\"https:\/\/www.culture.gouv.sn\/wp-content\/uploads\/2019\/07\/6-150x150.jpeg\" class=\"attachment-thumbnail size-thumbnail\" alt=\"\" loading=\"lazy\" srcset=\"https:\/\/www.culture.gouv.sn\/wp-content\/uploads\/2019\/07\/6-150x150.jpeg 150w, https:\/\/www.culture.gouv.sn\/wp-content\/uploads\/2019\/07\/6-300x300.jpeg 300w, https:\/\/www.culture.gouv.sn\/wp-content\/uploads\/2019\/07\/6-100x100.jpeg 100w, https:\/\/www.culture.gouv.sn\/wp-content\/uploads\/2019\/07\/6-120x120.jpeg 120w\" sizes=\"(max-width: 150px) 100vw, 150px\" \/><\/a>\n\t\t\t<\/dt><\/dl><dl class='gallery-item'>\n\t\t\t<dt class='gallery-icon landscape'>\n\t\t\t\t<a href='https:\/\/www.culture.gouv.sn\/index.php\/2019\/07\/30\/statut-de-lartiste-et-des-professionnels-de-la-culture\/attachment\/5\/'><img width=\"150\" height=\"150\" src=\"https:\/\/www.culture.gouv.sn\/wp-content\/uploads\/2019\/07\/5-150x150.jpeg\" class=\"attachment-thumbnail size-thumbnail\" alt=\"\" loading=\"lazy\" srcset=\"https:\/\/www.culture.gouv.sn\/wp-content\/uploads\/2019\/07\/5-150x150.jpeg 150w, https:\/\/www.culture.gouv.sn\/wp-content\/uploads\/2019\/07\/5-300x300.jpeg 300w, https:\/\/www.culture.gouv.sn\/wp-content\/uploads\/2019\/07\/5-100x100.jpeg 100w, https:\/\/www.culture.gouv.sn\/wp-content\/uploads\/2019\/07\/5-120x120.jpeg 120w\" sizes=\"(max-width: 150px) 100vw, 150px\" \/><\/a>\n\t\t\t<\/dt><\/dl><br style=\"clear: both\" \/><dl class='gallery-item'>\n\t\t\t<dt class='gallery-icon landscape'>\n\t\t\t\t<a href='https:\/\/www.culture.gouv.sn\/index.php\/2019\/07\/30\/statut-de-lartiste-et-des-professionnels-de-la-culture\/attachment\/4\/'><img width=\"150\" height=\"150\" src=\"https:\/\/www.culture.gouv.sn\/wp-content\/uploads\/2019\/07\/4-150x150.jpeg\" class=\"attachment-thumbnail size-thumbnail\" alt=\"\" loading=\"lazy\" srcset=\"https:\/\/www.culture.gouv.sn\/wp-content\/uploads\/2019\/07\/4-150x150.jpeg 150w, https:\/\/www.culture.gouv.sn\/wp-content\/uploads\/2019\/07\/4-300x300.jpeg 300w, https:\/\/www.culture.gouv.sn\/wp-content\/uploads\/2019\/07\/4-100x100.jpeg 100w, https:\/\/www.culture.gouv.sn\/wp-content\/uploads\/2019\/07\/4-120x120.jpeg 120w\" sizes=\"(max-width: 150px) 100vw, 150px\" \/><\/a>\n\t\t\t<\/dt><\/dl><dl class='gallery-item'>\n\t\t\t<dt class='gallery-icon landscape'>\n\t\t\t\t<a href='https:\/\/www.culture.gouv.sn\/index.php\/2019\/07\/30\/statut-de-lartiste-et-des-professionnels-de-la-culture\/attachment\/3\/'><img width=\"150\" height=\"150\" src=\"https:\/\/www.culture.gouv.sn\/wp-content\/uploads\/2019\/07\/3-150x150.jpeg\" class=\"attachment-thumbnail size-thumbnail\" alt=\"\" loading=\"lazy\" srcset=\"https:\/\/www.culture.gouv.sn\/wp-content\/uploads\/2019\/07\/3-150x150.jpeg 150w, https:\/\/www.culture.gouv.sn\/wp-content\/uploads\/2019\/07\/3-300x300.jpeg 300w, https:\/\/www.culture.gouv.sn\/wp-content\/uploads\/2019\/07\/3-100x100.jpeg 100w, https:\/\/www.culture.gouv.sn\/wp-content\/uploads\/2019\/07\/3-120x120.jpeg 120w\" sizes=\"(max-width: 150px) 100vw, 150px\" \/><\/a>\n\t\t\t<\/dt><\/dl><dl class='gallery-item'>\n\t\t\t<dt class='gallery-icon landscape'>\n\t\t\t\t<a href='https:\/\/www.culture.gouv.sn\/index.php\/2019\/07\/30\/statut-de-lartiste-et-des-professionnels-de-la-culture\/attachment\/2\/'><img width=\"150\" height=\"150\" src=\"https:\/\/www.culture.gouv.sn\/wp-content\/uploads\/2019\/07\/2-150x150.jpeg\" class=\"attachment-thumbnail size-thumbnail\" alt=\"\" loading=\"lazy\" srcset=\"https:\/\/www.culture.gouv.sn\/wp-content\/uploads\/2019\/07\/2-150x150.jpeg 150w, https:\/\/www.culture.gouv.sn\/wp-content\/uploads\/2019\/07\/2-300x300.jpeg 300w, https:\/\/www.culture.gouv.sn\/wp-content\/uploads\/2019\/07\/2-100x100.jpeg 100w, https:\/\/www.culture.gouv.sn\/wp-content\/uploads\/2019\/07\/2-120x120.jpeg 120w\" sizes=\"(max-width: 150px) 100vw, 150px\" \/><\/a>\n\t\t\t<\/dt><\/dl><br style=\"clear: both\" \/>\n\t\t<\/div>\n<\/div><\/div><\/div><\/div>","protected":false},"excerpt":{"rendered":"<p>Apr\u00e8s plusieurs ann\u00e9es de r\u00e9flexion, on s&rsquo;achemine vers la mise en place du statut de l&rsquo;artiste et des professionnels de la culture. Un pas d\u00e9cisif a \u00e9t\u00e9 franchi dans ce sens \u00e0 l&rsquo;occasion d&rsquo;un atelier de trois jours qui a regroup\u00e9, sur initiative du minist\u00e8re de la culture, des acteurs culturels, des sp\u00e9cialistes du droit, [&hellip;]<\/p>\n","protected":false},"author":1,"featured_media":5637,"comment_status":"open","ping_status":"open","sticky":false,"template":"","format":"gallery","meta":{"ngg_post_thumbnail":0},"categories":[2],"tags":[103],"_links":{"self":[{"href":"https:\/\/www.culture.gouv.sn\/index.php\/wp-json\/wp\/v2\/posts\/5614"}],"collection":[{"href":"https:\/\/www.culture.gouv.sn\/index.php\/wp-json\/wp\/v2\/posts"}],"about":[{"href":"https:\/\/www.culture.gouv.sn\/index.php\/wp-json\/wp\/v2\/types\/post"}],"author":[{"embeddable":true,"href":"https:\/\/www.culture.gouv.sn\/index.php\/wp-json\/wp\/v2\/users\/1"}],"replies":[{"embeddable":true,"href":"https:\/\/www.culture.gouv.sn\/index.php\/wp-json\/wp\/v2\/comments?post=5614"}],"version-history":[{"count":12,"href":"https:\/\/www.culture.gouv.sn\/index.php\/wp-json\/wp\/v2\/posts\/5614\/revisions"}],"predecessor-version":[{"id":5654,"href":"https:\/\/www.culture.gouv.sn\/index.php\/wp-json\/wp\/v2\/posts\/5614\/revisions\/5654"}],"wp:featuredmedia":[{"embeddable":true,"href":"https:\/\/www.culture.gouv.sn\/index.php\/wp-json\/wp\/v2\/media\/5637"}],"wp:attachment":[{"href":"https:\/\/www.culture.gouv.sn\/index.php\/wp-json\/wp\/v2\/media?parent=5614"}],"wp:term":[{"taxonomy":"category","embeddable":true,"href":"https:\/\/www.culture.gouv.sn\/index.php\/wp-json\/wp\/v2\/categories?post=5614"},{"taxonomy":"post_tag","embeddable":true,"href":"https:\/\/www.culture.gouv.sn\/index.php\/wp-json\/wp\/v2\/tags?post=5614"}],"curies":[{"name":"wp","href":"https:\/\/api.w.org\/{rel}","templated":true}]}}