{"id":6477,"date":"2019-09-19T08:19:18","date_gmt":"2019-09-19T08:19:18","guid":{"rendered":"http:\/\/www.cultureetcommunication.sn\/?p=6477"},"modified":"2019-10-03T14:02:08","modified_gmt":"2019-10-03T14:02:08","slug":"financement-des-cultures-urbaines","status":"publish","type":"post","link":"https:\/\/www.culture.gouv.sn\/index.php\/2019\/09\/19\/financement-des-cultures-urbaines\/","title":{"rendered":"Financement des cultures urbaines"},"content":{"rendered":"<div id=\"pl-6477\"  class=\"panel-layout\" ><div id=\"pg-6477-0\"  class=\"panel-grid panel-no-style\" ><div id=\"pgc-6477-0-0\"  class=\"panel-grid-cell\" ><div id=\"panel-6477-0-0-0\" class=\"so-panel widget widget_text panel-first-child\" data-index=\"0\" >\t\t\t<div class=\"textwidget\"><p><strong>64 projets re\u00e7oivent 184 millions de F CFA<\/strong><\/p>\n<p>&nbsp;<\/p>\n<p>Le Ministre de la culture et de la communication a pr\u00e9sid\u00e9 le mardi 17 septembre 2019, la c\u00e9r\u00e9monie de remise de ch\u00e8ques aux structures et associations b\u00e9n\u00e9ficiaires du Fonds de D\u00e9veloppement des Cultures Urbaines (FDCU). C\u2019est une enveloppe de 184 millions de nos Francs qui a \u00e9t\u00e9 attribu\u00e9e aux 64 projets retenus au niveau des 14 r\u00e9gions du pays. Les montants per\u00e7us par les b\u00e9n\u00e9ficiaires varient entre 3 et 15 millions F CFA. Au total, le Comit\u00e9 de s\u00e9lection a re\u00e7u 99 dossiers de candidature et retenu 64 projets \u00e0 financer.<\/p>\n<p>Saisissant cette occasion, le ministre Abdoulaye DIOP a longuement \u00e9chang\u00e9 avec les arteurs sur leurs diff\u00e9rents projets et les enjeux li\u00e9s au d\u00e9veloppement du sous-secteur. Il a salu\u00e9 le travail remarquable du comit\u00e9 de s\u00e9lection pour la rigueur et l\u2019esprit de responsabilit\u00e9 et d\u2019\u00e9quit\u00e9 dans le traitement des dossiers. Aux b\u00e9n\u00e9ficiaires, le ministre a appel\u00e9 \u00e0 partager un mod\u00e8le d\u2019utilisation de ces fonds publics. Au nom des acteurs, l\u2019artiste Docta a soulign\u00e9 l\u2019importance du FDCU dans l\u2019am\u00e9lioration des conditions des acteurs des cultures urbaines.<\/p>\n<\/div>\n\t\t<\/div><div id=\"panel-6477-0-0-1\" class=\"so-panel widget widget_media_gallery panel-last-child\" data-index=\"1\" >\n\t\t<style type=\"text\/css\">\n\t\t\t#gallery-1 {\n\t\t\t\tmargin: auto;\n\t\t\t}\n\t\t\t#gallery-1 .gallery-item {\n\t\t\t\tfloat: left;\n\t\t\t\tmargin-top: 10px;\n\t\t\t\ttext-align: center;\n\t\t\t\twidth: 33%;\n\t\t\t}\n\t\t\t#gallery-1 img {\n\t\t\t\tborder: 2px solid #cfcfcf;\n\t\t\t}\n\t\t\t#gallery-1 .gallery-caption {\n\t\t\t\tmargin-left: 0;\n\t\t\t}\n\t\t\t\/* see gallery_shortcode() in wp-includes\/media.php *\/\n\t\t<\/style>\n\t\t<div id='gallery-1' class='gallery galleryid-6477 gallery-columns-3 gallery-size-medium'><dl class='gallery-item'>\n\t\t\t<dt class='gallery-icon portrait'>\n\t\t\t\t<a href='https:\/\/www.culture.gouv.sn\/index.php\/2019\/09\/19\/financement-des-cultures-urbaines\/whatsapp-image-2019-09-18-at-17-47-001\/'><img width=\"144\" height=\"300\" src=\"https:\/\/www.culture.gouv.sn\/wp-content\/uploads\/2019\/09\/WhatsApp-Image-2019-09-18-at-17.47.001-144x300.jpeg\" class=\"attachment-medium size-medium\" alt=\"\" loading=\"lazy\" srcset=\"https:\/\/www.culture.gouv.sn\/wp-content\/uploads\/2019\/09\/WhatsApp-Image-2019-09-18-at-17.47.001-144x300.jpeg 144w, https:\/\/www.culture.gouv.sn\/wp-content\/uploads\/2019\/09\/WhatsApp-Image-2019-09-18-at-17.47.001.jpeg 480w\" sizes=\"(max-width: 144px) 100vw, 144px\" \/><\/a>\n\t\t\t<\/dt><\/dl><dl class='gallery-item'>\n\t\t\t<dt class='gallery-icon landscape'>\n\t\t\t\t<a href='https:\/\/www.culture.gouv.sn\/index.php\/2019\/09\/19\/financement-des-cultures-urbaines\/whatsapp-image-2019-09-18-at-17-47-00\/'><img width=\"300\" height=\"144\" src=\"https:\/\/www.culture.gouv.sn\/wp-content\/uploads\/2019\/09\/WhatsApp-Image-2019-09-18-at-17.47.00-300x144.jpeg\" class=\"attachment-medium size-medium\" alt=\"\" loading=\"lazy\" srcset=\"https:\/\/www.culture.gouv.sn\/wp-content\/uploads\/2019\/09\/WhatsApp-Image-2019-09-18-at-17.47.00-300x144.jpeg 300w, https:\/\/www.culture.gouv.sn\/wp-content\/uploads\/2019\/09\/WhatsApp-Image-2019-09-18-at-17.47.00-600x288.jpeg 600w, https:\/\/www.culture.gouv.sn\/wp-content\/uploads\/2019\/09\/WhatsApp-Image-2019-09-18-at-17.47.00-768x369.jpeg 768w, https:\/\/www.culture.gouv.sn\/wp-content\/uploads\/2019\/09\/WhatsApp-Image-2019-09-18-at-17.47.00.jpeg 1000w\" sizes=\"(max-width: 300px) 100vw, 300px\" \/><\/a>\n\t\t\t<\/dt><\/dl><dl class='gallery-item'>\n\t\t\t<dt class='gallery-icon portrait'>\n\t\t\t\t<a href='https:\/\/www.culture.gouv.sn\/index.php\/2019\/09\/19\/financement-des-cultures-urbaines\/whatsapp-image-2019-09-18-at-17-46-59\/'><img width=\"144\" height=\"300\" src=\"https:\/\/www.culture.gouv.sn\/wp-content\/uploads\/2019\/09\/WhatsApp-Image-2019-09-18-at-17.46.59-144x300.jpeg\" class=\"attachment-medium size-medium\" alt=\"\" loading=\"lazy\" srcset=\"https:\/\/www.culture.gouv.sn\/wp-content\/uploads\/2019\/09\/WhatsApp-Image-2019-09-18-at-17.46.59-144x300.jpeg 144w, https:\/\/www.culture.gouv.sn\/wp-content\/uploads\/2019\/09\/WhatsApp-Image-2019-09-18-at-17.46.59.jpeg 480w\" sizes=\"(max-width: 144px) 100vw, 144px\" \/><\/a>\n\t\t\t<\/dt><\/dl><br style=\"clear: both\" \/>\n\t\t<\/div>\n<\/div><\/div><\/div><\/div>","protected":false},"excerpt":{"rendered":"<p>64 projets re\u00e7oivent 184 millions de F CFA &nbsp; Le Ministre de la culture et de la communication a pr\u00e9sid\u00e9 le mardi 17 septembre 2019, la c\u00e9r\u00e9monie de remise de ch\u00e8ques aux structures et associations b\u00e9n\u00e9ficiaires du Fonds de D\u00e9veloppement des Cultures Urbaines (FDCU). C\u2019est une enveloppe de 184 millions de nos Francs qui a [&hellip;]<\/p>\n","protected":false},"author":1,"featured_media":6478,"comment_status":"open","ping_status":"open","sticky":false,"template":"","format":"standard","meta":{"ngg_post_thumbnail":0},"categories":[2],"tags":[],"_links":{"self":[{"href":"https:\/\/www.culture.gouv.sn\/index.php\/wp-json\/wp\/v2\/posts\/6477"}],"collection":[{"href":"https:\/\/www.culture.gouv.sn\/index.php\/wp-json\/wp\/v2\/posts"}],"about":[{"href":"https:\/\/www.culture.gouv.sn\/index.php\/wp-json\/wp\/v2\/types\/post"}],"author":[{"embeddable":true,"href":"https:\/\/www.culture.gouv.sn\/index.php\/wp-json\/wp\/v2\/users\/1"}],"replies":[{"embeddable":true,"href":"https:\/\/www.culture.gouv.sn\/index.php\/wp-json\/wp\/v2\/comments?post=6477"}],"version-history":[{"count":8,"href":"https:\/\/www.culture.gouv.sn\/index.php\/wp-json\/wp\/v2\/posts\/6477\/revisions"}],"predecessor-version":[{"id":6756,"href":"https:\/\/www.culture.gouv.sn\/index.php\/wp-json\/wp\/v2\/posts\/6477\/revisions\/6756"}],"wp:featuredmedia":[{"embeddable":true,"href":"https:\/\/www.culture.gouv.sn\/index.php\/wp-json\/wp\/v2\/media\/6478"}],"wp:attachment":[{"href":"https:\/\/www.culture.gouv.sn\/index.php\/wp-json\/wp\/v2\/media?parent=6477"}],"wp:term":[{"taxonomy":"category","embeddable":true,"href":"https:\/\/www.culture.gouv.sn\/index.php\/wp-json\/wp\/v2\/categories?post=6477"},{"taxonomy":"post_tag","embeddable":true,"href":"https:\/\/www.culture.gouv.sn\/index.php\/wp-json\/wp\/v2\/tags?post=6477"}],"curies":[{"name":"wp","href":"https:\/\/api.w.org\/{rel}","templated":true}]}}