{"id":6532,"date":"2019-09-23T09:44:16","date_gmt":"2019-09-23T09:44:16","guid":{"rendered":"http:\/\/www.cultureetcommunication.sn\/?p=6532"},"modified":"2019-10-03T14:03:20","modified_gmt":"2019-10-03T14:03:20","slug":"hommage-a-samba-diabare-samb","status":"publish","type":"post","link":"https:\/\/www.culture.gouv.sn\/index.php\/2019\/09\/23\/hommage-a-samba-diabare-samb\/","title":{"rendered":"Hommage \u00e0 Samba Diabar\u00e9 SAMB"},"content":{"rendered":"<div id=\"pl-6532\"  class=\"panel-layout\" ><div id=\"pg-6532-0\"  class=\"panel-grid panel-no-style\" ><div id=\"pgc-6532-0-0\"  class=\"panel-grid-cell\" ><div id=\"panel-6532-0-0-0\" class=\"so-panel widget widget_text panel-first-child panel-last-child\" data-index=\"0\" >\t\t\t<div class=\"textwidget\"><p><strong>Par Abdoulaye DIOP, ministre de la Culture et de la Communication.<\/strong><\/p>\n<p>&nbsp;<\/p>\n<p>Il est de ces \u00eatres dont l\u2019aura morale et spirituelle que leur a conf\u00e9r\u00e9e Le Tout Puissant est si immense que nous en venons tout naturellement \u00e0 croire qu\u2019ils resteront toujours avec nous, qu\u2019ils ne nous infligeront jamais la douleur incommensurable de leur disparition.<\/p>\n<p>\u00c9lev\u00e9 \u00e0 la dignit\u00e9 de Tr\u00e9sor humain vivant de l\u2019UNESCO en 2006, c\u00e9l\u00e9br\u00e9 \u00e0 toutes les occasions chez lui, Samba Diabar\u00e9 Samb \u00e9tait de ceux-l\u00e0.<\/p>\n<p>Virtuose inimitable\u00a0du xalam,\u00a0il avait su magnifiquement dompter cet instrument de notre patrimoine musical traditionnel pour en faire son ami et en extraire les notes qui galvanisaient de grands hommes et chantaient de hauts faits donn\u00e9s comme rep\u00e8res historiques de la construction de l\u2019identit\u00e9 nationale.<\/p>\n<p>Les artistes n\u2019existant qu\u2019\u00e0 travers leurs \u0153uvres qui les rattachent \u00e0 l\u2019immortalit\u00e9 lorsqu\u2019ils sont p\u00e9tris de talent, El Hadji Samba Diabar\u00e9 Samb \u00e9tait vraiment un artiste.<\/p>\n<p>En compilant ses \u0153uvres dans un album historique en 2017, le Minist\u00e8re de la Culture et de la Communication a\u00a0voulu contribuer \u00e0 maintenir imp\u00e9rissable le souvenir du ma\u00eetre El Hadji Samba Diabar\u00e9 Samb, m\u00e9moire de notre trajectoire.<\/p>\n<p>A sa famille biologique, aux communicateurs traditionnels, \u00e0 toute la communaut\u00e9 artistique et \u00e0 la nation tout enti\u00e8re, je pr\u00e9sente, au nom de Monsieur le Pr\u00e9sident de la R\u00e9publique et a l&rsquo;ensemble du Gouvernement, mes condol\u00e9ances les plus \u00e9mues.<\/p>\n<p>Que le Tout Puissant lui accorde un repos \u00e9ternel et bien m\u00e9rit\u00e9 dans son Royaume C\u00e9leste.<br \/>\nAmine<\/p>\n<\/div>\n\t\t<\/div><\/div><\/div><\/div>","protected":false},"excerpt":{"rendered":"<p>Par Abdoulaye DIOP, ministre de la Culture et de la Communication. &nbsp; Il est de ces \u00eatres dont l\u2019aura morale et spirituelle que leur a conf\u00e9r\u00e9e Le Tout Puissant est si immense que nous en venons tout naturellement \u00e0 croire qu\u2019ils resteront toujours avec nous, qu\u2019ils ne nous infligeront jamais la douleur incommensurable de leur [&hellip;]<\/p>\n","protected":false},"author":1,"featured_media":6533,"comment_status":"open","ping_status":"open","sticky":false,"template":"","format":"standard","meta":{"ngg_post_thumbnail":0},"categories":[2],"tags":[],"_links":{"self":[{"href":"https:\/\/www.culture.gouv.sn\/index.php\/wp-json\/wp\/v2\/posts\/6532"}],"collection":[{"href":"https:\/\/www.culture.gouv.sn\/index.php\/wp-json\/wp\/v2\/posts"}],"about":[{"href":"https:\/\/www.culture.gouv.sn\/index.php\/wp-json\/wp\/v2\/types\/post"}],"author":[{"embeddable":true,"href":"https:\/\/www.culture.gouv.sn\/index.php\/wp-json\/wp\/v2\/users\/1"}],"replies":[{"embeddable":true,"href":"https:\/\/www.culture.gouv.sn\/index.php\/wp-json\/wp\/v2\/comments?post=6532"}],"version-history":[{"count":2,"href":"https:\/\/www.culture.gouv.sn\/index.php\/wp-json\/wp\/v2\/posts\/6532\/revisions"}],"predecessor-version":[{"id":6757,"href":"https:\/\/www.culture.gouv.sn\/index.php\/wp-json\/wp\/v2\/posts\/6532\/revisions\/6757"}],"wp:featuredmedia":[{"embeddable":true,"href":"https:\/\/www.culture.gouv.sn\/index.php\/wp-json\/wp\/v2\/media\/6533"}],"wp:attachment":[{"href":"https:\/\/www.culture.gouv.sn\/index.php\/wp-json\/wp\/v2\/media?parent=6532"}],"wp:term":[{"taxonomy":"category","embeddable":true,"href":"https:\/\/www.culture.gouv.sn\/index.php\/wp-json\/wp\/v2\/categories?post=6532"},{"taxonomy":"post_tag","embeddable":true,"href":"https:\/\/www.culture.gouv.sn\/index.php\/wp-json\/wp\/v2\/tags?post=6532"}],"curies":[{"name":"wp","href":"https:\/\/api.w.org\/{rel}","templated":true}]}}