{"id":6952,"date":"2019-10-09T22:38:46","date_gmt":"2019-10-09T22:38:46","guid":{"rendered":"http:\/\/www.cultureetcommunication.sn\/?p=6952"},"modified":"2019-10-09T22:48:35","modified_gmt":"2019-10-09T22:48:35","slug":"cinema-2","status":"publish","type":"post","link":"https:\/\/www.culture.gouv.sn\/index.php\/2019\/10\/09\/cinema-2\/","title":{"rendered":"Cin\u00e9ma"},"content":{"rendered":"<div id=\"pl-6952\"  class=\"panel-layout\" ><div id=\"pg-6952-0\"  class=\"panel-grid panel-no-style\" ><div id=\"pgc-6952-0-0\"  class=\"panel-grid-cell\" ><div id=\"panel-6952-0-0-0\" class=\"so-panel widget widget_text panel-first-child panel-last-child\" data-index=\"0\" >\t\t\t<div class=\"textwidget\"><p><center><strong>Le film Timiss de Abdou Gningue remporte le Prix du meilleur court m\u00e9trage a Ndjamena<\/strong><\/center>&nbsp;<\/p>\n<p>Le cin\u00e9ma s\u00e9n\u00e9galais sacre au Tchad a la dixi\u00e8me \u00e9dition du Festival tchadien du court m\u00e9trage. Le film\u00a0 Timiss de notre compatriote Abdou Gningue a remport\u00e9 le Prix du meilleur court m\u00e9trage international.<\/p>\n<p>Le festival tenu du 4 au 8 octobre \u00e0 N&rsquo;djamena, est une initiative de\u00a0l\u2019Association tchadienne des cultures mixtes de la dynamique.<\/p>\n<\/div>\n\t\t<\/div><\/div><\/div><\/div>","protected":false},"excerpt":{"rendered":"<p>Le film Timiss de Abdou Gningue remporte le Prix du meilleur court m\u00e9trage a Ndjamena&nbsp; Le cin\u00e9ma s\u00e9n\u00e9galais sacre au Tchad a la dixi\u00e8me \u00e9dition du Festival tchadien du court m\u00e9trage. Le film\u00a0 Timiss de notre compatriote Abdou Gningue a remport\u00e9 le Prix du meilleur court m\u00e9trage international. Le festival tenu du 4 au 8 [&hellip;]<\/p>\n","protected":false},"author":1,"featured_media":6957,"comment_status":"open","ping_status":"open","sticky":false,"template":"","format":"standard","meta":{"ngg_post_thumbnail":0},"categories":[2],"tags":[],"_links":{"self":[{"href":"https:\/\/www.culture.gouv.sn\/index.php\/wp-json\/wp\/v2\/posts\/6952"}],"collection":[{"href":"https:\/\/www.culture.gouv.sn\/index.php\/wp-json\/wp\/v2\/posts"}],"about":[{"href":"https:\/\/www.culture.gouv.sn\/index.php\/wp-json\/wp\/v2\/types\/post"}],"author":[{"embeddable":true,"href":"https:\/\/www.culture.gouv.sn\/index.php\/wp-json\/wp\/v2\/users\/1"}],"replies":[{"embeddable":true,"href":"https:\/\/www.culture.gouv.sn\/index.php\/wp-json\/wp\/v2\/comments?post=6952"}],"version-history":[{"count":6,"href":"https:\/\/www.culture.gouv.sn\/index.php\/wp-json\/wp\/v2\/posts\/6952\/revisions"}],"predecessor-version":[{"id":6961,"href":"https:\/\/www.culture.gouv.sn\/index.php\/wp-json\/wp\/v2\/posts\/6952\/revisions\/6961"}],"wp:featuredmedia":[{"embeddable":true,"href":"https:\/\/www.culture.gouv.sn\/index.php\/wp-json\/wp\/v2\/media\/6957"}],"wp:attachment":[{"href":"https:\/\/www.culture.gouv.sn\/index.php\/wp-json\/wp\/v2\/media?parent=6952"}],"wp:term":[{"taxonomy":"category","embeddable":true,"href":"https:\/\/www.culture.gouv.sn\/index.php\/wp-json\/wp\/v2\/categories?post=6952"},{"taxonomy":"post_tag","embeddable":true,"href":"https:\/\/www.culture.gouv.sn\/index.php\/wp-json\/wp\/v2\/tags?post=6952"}],"curies":[{"name":"wp","href":"https:\/\/api.w.org\/{rel}","templated":true}]}}