{"id":6972,"date":"2019-10-09T23:17:33","date_gmt":"2019-10-09T23:17:33","guid":{"rendered":"http:\/\/www.cultureetcommunication.sn\/?p=6972"},"modified":"2019-10-09T23:32:08","modified_gmt":"2019-10-09T23:32:08","slug":"protection-de-lile-de-goree-contre-lerosion-cotiere","status":"publish","type":"post","link":"https:\/\/www.culture.gouv.sn\/index.php\/2019\/10\/09\/protection-de-lile-de-goree-contre-lerosion-cotiere\/","title":{"rendered":"Protection de l\u2019\u00eele de Gor\u00e9e contre l\u2019\u00e9rosion c\u00f4ti\u00e8re"},"content":{"rendered":"<div id=\"pl-6972\"  class=\"panel-layout\" ><div id=\"pg-6972-0\"  class=\"panel-grid panel-no-style\" ><div id=\"pgc-6972-0-0\"  class=\"panel-grid-cell\" ><div id=\"panel-6972-0-0-0\" class=\"so-panel widget widget_text panel-first-child panel-last-child\" data-index=\"0\" >\t\t\t<div class=\"textwidget\"><p><u><b>Porteur<\/b><\/u><b>:\u00a0 Direction du Patrimoine Culturel<\/b><\/p>\n<p><u><b>Objectif<\/b><\/u>: Prot\u00e9ger et sauvegarder l\u2019\u00eele-m\u00e9moire de Gor\u00e9e contre les effets du changement climatique.<\/p>\n<p><u><b>D\u00e9but du projet:<\/b><\/u> 2014<\/p>\n<p><u><b>NB<\/b><\/u>: Le projet a int\u00e9gr\u00e9 le <b>projet de gestion int\u00e9gr\u00e9 du littoral<\/b> ancr\u00e9 au Minist\u00e8re de l\u2019environnement et du d\u00e9veloppement durable depuis 2018.<\/p>\n<p><u><b>R\u00e9alisations majeures:<\/b><\/u><\/p>\n<p>\u0097Mise en place d\u2019un comit\u00e9 technique interminist\u00e9riel<\/p>\n<p>\u0097Etude de faisabilit\u00e9 en cours<\/p>\n<p>\u0097<\/p>\n<\/div>\n\t\t<\/div><\/div><\/div><\/div>","protected":false},"excerpt":{"rendered":"<p>Porteur:\u00a0 Direction du Patrimoine Culturel Objectif: Prot\u00e9ger et sauvegarder l\u2019\u00eele-m\u00e9moire de Gor\u00e9e contre les effets du changement climatique. D\u00e9but du projet: 2014 NB: Le projet a int\u00e9gr\u00e9 le projet de gestion int\u00e9gr\u00e9 du littoral ancr\u00e9 au Minist\u00e8re de l\u2019environnement et du d\u00e9veloppement durable depuis 2018. R\u00e9alisations majeures: \u0097Mise en place d\u2019un comit\u00e9 technique interminist\u00e9riel \u0097Etude [&hellip;]<\/p>\n","protected":false},"author":1,"featured_media":5701,"comment_status":"open","ping_status":"open","sticky":false,"template":"","format":"standard","meta":{"ngg_post_thumbnail":0},"categories":[9],"tags":[],"_links":{"self":[{"href":"https:\/\/www.culture.gouv.sn\/index.php\/wp-json\/wp\/v2\/posts\/6972"}],"collection":[{"href":"https:\/\/www.culture.gouv.sn\/index.php\/wp-json\/wp\/v2\/posts"}],"about":[{"href":"https:\/\/www.culture.gouv.sn\/index.php\/wp-json\/wp\/v2\/types\/post"}],"author":[{"embeddable":true,"href":"https:\/\/www.culture.gouv.sn\/index.php\/wp-json\/wp\/v2\/users\/1"}],"replies":[{"embeddable":true,"href":"https:\/\/www.culture.gouv.sn\/index.php\/wp-json\/wp\/v2\/comments?post=6972"}],"version-history":[{"count":3,"href":"https:\/\/www.culture.gouv.sn\/index.php\/wp-json\/wp\/v2\/posts\/6972\/revisions"}],"predecessor-version":[{"id":6982,"href":"https:\/\/www.culture.gouv.sn\/index.php\/wp-json\/wp\/v2\/posts\/6972\/revisions\/6982"}],"wp:featuredmedia":[{"embeddable":true,"href":"https:\/\/www.culture.gouv.sn\/index.php\/wp-json\/wp\/v2\/media\/5701"}],"wp:attachment":[{"href":"https:\/\/www.culture.gouv.sn\/index.php\/wp-json\/wp\/v2\/media?parent=6972"}],"wp:term":[{"taxonomy":"category","embeddable":true,"href":"https:\/\/www.culture.gouv.sn\/index.php\/wp-json\/wp\/v2\/categories?post=6972"},{"taxonomy":"post_tag","embeddable":true,"href":"https:\/\/www.culture.gouv.sn\/index.php\/wp-json\/wp\/v2\/tags?post=6972"}],"curies":[{"name":"wp","href":"https:\/\/api.w.org\/{rel}","templated":true}]}}