{"id":6974,"date":"2019-10-09T23:19:09","date_gmt":"2019-10-09T23:19:09","guid":{"rendered":"http:\/\/www.cultureetcommunication.sn\/?p=6974"},"modified":"2020-03-05T20:46:03","modified_gmt":"2020-03-05T20:46:03","slug":"memorial-de-goree","status":"publish","type":"post","link":"https:\/\/www.culture.gouv.sn\/index.php\/2019\/10\/09\/memorial-de-goree\/","title":{"rendered":"M\u00e9morial de Gor\u00e9e"},"content":{"rendered":"<div id=\"pl-6974\"  class=\"panel-layout\" ><div id=\"pg-6974-0\"  class=\"panel-grid panel-no-style\" ><div id=\"pgc-6974-0-0\"  class=\"panel-grid-cell\" ><div id=\"panel-6974-0-0-0\" class=\"so-panel widget widget_text panel-first-child panel-last-child\" data-index=\"0\" >\t\t\t<div class=\"textwidget\"><p><center><strong>LE PROJET DU M\u00c9MORIAL DE GOR\u00c9E DANS SON\u00a0ACTUALIT\u00c9\u00a0: LES RAISONS POUR LE CONSTRUIRE\u00a0!<\/strong><\/center><\/p>\n<p><strong>\u00a0\u00a0\u00a0\u00a0\u00a0\u00a0\u00a0\u00a0\u00a0<\/strong>Au-del\u00e0 du devoir de m\u00e9moire, cause incontournable, et du devoir du S\u00e9n\u00e9gal d\u2019\u00e9riger un monument du souvenir et du pardon en phase avec la caution de la communaut\u00e9 internationale, le projet du M\u00e9morial de Gor\u00e9e est une volont\u00e9 politique, une affirmation citoyenne, un partage universel en faveur de toutes les m\u00e9moires souffrantes du monde. Il s\u2019inscrit dans la nouvelle carte culturelle du monde. Il occupe une \u00ab\u00a0position centrale en raison de son apport \u00e9conomique, de son lien avec les technologies, de sa contribution au march\u00e9 de l\u2019emploi\u00a0\u00bb. Le M\u00e9morial de Gor\u00e9e nous pousse \u00e0 acc\u00e9der au march\u00e9 international et aux flux internationaux de ses visiteurs \u00e0 venir.<\/p>\n<p>\u00ab\u00a0Un milliard de personnes na\u00eetront en Afrique dans les trente prochaines ann\u00e9es et 900 millions quitteront la campagne pour la ville. En 2050, une personne sur quatre dans le monde sera africaine et 50% d\u2019entre elles aurons moins de 25 ans\u00a0\u00bb. C\u2019est un bouleversement qui aura des effets consid\u00e9rables sur l\u2019\u00e9conomie li\u00e9e \u00e0 la culture et dont le M\u00e9morial est un symbole vivant. Le march\u00e9 africain qui sera en tr\u00e8s forte croissance totalisera alors plus d\u2019un demi-milliard de consommateurs. \u00bb Voil\u00e0 le terreau qui accueille le M\u00e9morial.<\/p>\n<p>\u00ab Trente-cinq milliards de vid\u00e9os sont visionn\u00e9es tous les jours sur You tube\u00a0\u00bb. Le M\u00e9morial de Gor\u00e9e en sera une des plus grandes attractions. 2,9 milliards d\u2019internautes se connectent par des supports mobiles. Le M\u00e9morial sera accessible partout dans le monde et trouvera des plateformes in\u00e9dites pour sa visibilit\u00e9 et la mise en march\u00e9 de ses contenus. C\u2019est d\u2019un patrimoine culturel mondial dont il s\u2019agit. Dans un pays qui se veut \u00e9mergent, il faut des infrastructures locomotives marquantes.<\/p>\n<p>Dakar va fermer le triangle apr\u00e8s l\u2019\u00e9dification et l\u2019inauguration des projets de M\u00e9morial comme celui de la Guadeloupe, dans les Cara\u00efbes et celui de New-York en Am\u00e9rique. Il restait l\u2019Afrique. Le S\u00e9n\u00e9gal y r\u00e9pond enfin et en y r\u00e9pondant c\u2019est toute l\u2019Afrique qui r\u00e9pond. Ce projet de m\u00e9moire contre l\u2019oubli est irrempla\u00e7able. Oui, le complexe du monument\u00a0du M\u00e9morial, de par sa g\u00e9ographie, sa stature, son esth\u00e9tique, ses volumes, sa renomm\u00e9e mondiale, va bouleverser le paysage et donner un nouveau visage \u00e0 notre capitale. Ce qui est joliment appel\u00e9 \u00ab\u00a0l\u2019\u0153il de Cor\u00e9e\u00a0\u00bb sera d\u00e9sormais et pour longtemps le point focal de Dakar, comme l\u2019est la Tour Eiffel pour la ville de Paris. Il sera le phare. Avec son mus\u00e9e sur l\u2019esclavage, son esplanade g\u00e9ant donnant sur la mer et ouvrant sur toutes sortes de manifestations culturelles et artistiques, sa biblioth\u00e8que, ses multiples salles polyvalentes pour les arts et la culture, sa salle de cin\u00e9ma, son plan\u00e9tarium, sa salle de conf\u00e9rence, son balcon a\u00e9rien culminant \u00e0 75 m\u00e8tres d\u2019altitude au-dessus de la ville que deux ascenseurs panoramiques de part et d\u2019autre\u00a0 desservent, ses restaurants, ses caf\u00e9s, son parc paysager, ses jardins, son pont a\u00e9rien qui enjambe l\u2019Avenue Martin Luther King pour le relier \u00e0 la m\u00e9dina, ses parkings, et ce must qui change tout : le nouvel embarcad\u00e8re de Cor\u00e9e et de l\u2019\u00eele des Madeleines implant\u00e9 sur la corniche.<\/p>\n<p>Quand le Pr\u00e9sident Sall a re\u00e7u et discut\u00e9 avec l\u2019architecte lors d\u2019une audience \u00e0 Paris, il avait recommand\u00e9 que deux chaloupes partent de l\u2019embarcad\u00e8re sur la corniche pour desservir \u00e0 la fois Cor\u00e9e et l\u2019\u00eele des Madeleines que les S\u00e9n\u00e9galais doivent apprendre \u00e0 visiter. Voil\u00e0 la carte postale culturelle, touristique, \u00e9conomique du M\u00e9morial de Cor\u00e9e. Elle change tout ! D\u00e9sormais, le S\u00e9n\u00e9gal et Dakar sur tous les sites du monde seront reconnus par cette audacieuse \u0153uvre architecturale. Au-del\u00e0 de l\u2019\u0153uvre qui c\u00e9l\u00e8bre le recueillement et le pardon, ce complexe va g\u00e9n\u00e9rer dans sa phase de construction comme \u00e0 son ach\u00e8vement, des emplois fort subs\u00e9quents, sans compter les plus-values financi\u00e8res qu\u2019il va g\u00e9n\u00e9rer par le rush touristique qu\u2019il va engendrer.<\/p>\n<p>Des approches statistiques et des projections chiffr\u00e9es laissent dire que le complexe du M\u00e9morial de Cor\u00e9e va g\u00e9n\u00e9rer entre 2 \u00e0 3 milliards de FCFA par an, durant les premi\u00e8res ann\u00e9es avec un flux touristique de pr\u00e8s de 800 milles personnes. Le\u00a0M\u00e9morial de Gor\u00e9e est un projet international transversal et multidimensionnel pr\u00eat \u00e0 \u00eatre un futur Site de Conscience universel. Le M\u00e9morial de Cor\u00e9e est un outil qui travaille contre l&rsquo;oubli de la trag\u00e9die de l&rsquo;esclavage et qui \u0153uvre pour la r\u00e9conciliation entre les peuples. Il constitue un projet d&rsquo;infrastructure historique, au regard de son envergure touchant \u00e0 l&rsquo;\u00e9conomie, \u00e0 l&rsquo;\u00e9conomie cr\u00e9ative, au march\u00e9 du tourisme et \u00e0 celui des biens et services culturels. Ne jamais oublier que la construction du complexe du M\u00e9morial de Gor\u00e9e est bien s\u00fbr li\u00e9e \u00e0 la sauvegarde de l&rsquo;\u00eele de Gor\u00e9e, symbole d&rsquo;une m\u00e9moire commune qui tient en \u00e9veil la douloureuse histoire de la traite n\u00e9gri\u00e8re. Gor\u00e9e est devenue fragile dans un environnement rendu de plus en plus difficile par le r\u00e9chauffement climatique et une redoutable \u00e9rosion qui s&rsquo;acc\u00e9l\u00e8re d&rsquo;ann\u00e9e en ann\u00e9e.<\/p>\n<p>Le complexe du M\u00e9morial de Gor\u00e9e, dans ses missions et ses objectifs, veillera au d\u00e9veloppement et \u00e0 la sauvegarde de l\u2019\u00eele de Cor\u00e9e. Il sera, en premier, un lieu de recueillement et de souvenir mais aussi un centre de communication, d&rsquo;activit\u00e9s artistiques et esth\u00e9tiques, d&rsquo;\u00e9veil scientifique et technologique. Il sera un lieu de socialisation avec le sentiment d&rsquo;appartenance \u00e0 une communaut\u00e9 noire forte, soud\u00e9e, solidaire et ouverte sur le monde. Le M\u00e9morial de Gor\u00e9e ne sera pas seulement un monument comm\u00e9moratif, mais un puissant instrument de promotion et de renaissance culturelle de l&rsquo;Afrique. Il sera un laboratoire de la coop\u00e9ration internationale pour la cause des droits de l&rsquo;homme. Il s&rsquo;agira de resserrer les liens entre les noirs d&rsquo;Afrique et ceux de leurs fr\u00e8res de la diaspora, renfor\u00e7ant ainsi l&rsquo;identit\u00e9 culturelle des peuples noirs. Le M\u00e9morial de Gor\u00e9e d\u00e9veloppera la recherche et la r\u00e9flexion entre toutes les communaut\u00e9s internationales et combattra les pr\u00e9jug\u00e9s de race et de culture.<\/p>\n<p>Lors de l\u2019inauguration du Mus\u00e9e des civilisations noires en d\u00e9cembre 2018. Monsieur le pr\u00e9sident de la R\u00e9publique du S\u00e9n\u00e9gal a annonc\u00e9 que le projet du M\u00e9morial de Gor\u00e9e allait enfin \u00eatre r\u00e9alis\u00e9. Cette annonce a \u00e9t\u00e9 confirm\u00e9e par les deux Conseils des ministres en date du 12 d\u00e9cembre 2018 et 30 octobre 2019. Le 24 septembre 2019, \u00e0 la tribune des Nations Unies \u00e0 New-York, Monsieur le pr\u00e9sident de la R\u00e9publique s\u2019est adress\u00e9e \u00e0 la communaut\u00e9 internationale pour construire ensemble le M\u00e9morial de Gor\u00e9e. Comme Macky Sall le souligne lui-m\u00eame, le chantier de cet important projet de m\u00e9moire d\u00e9marrera d\u00e8s 2020.<\/p>\n<p><strong>Amadou Lamine SALL<\/strong><\/p>\n<p><strong>Commissaire G\u00e9n\u00e9ral \u00e0 la r\u00e9alisation du M\u00e9morial de Gor\u00e9e <\/strong><\/p>\n<p><strong>Secr\u00e9taire G\u00e9n\u00e9ral de la Fondation mondiale pour le M\u00e9morial et la Sauvegarde de Gor\u00e9e\u00a0\u00a0\u00a0\u00a0\u00a0\u00a0\u00a0\u00a0\u00a0\u00a0\u00a0\u00a0\u00a0\u00a0\u00a0\u00a0<\/strong><\/p>\n<p>Site du projet \u00e0 visiter : <a href=\"http:\/\/www.memorialdegoree.org\">www.memorialdegoree.org<\/a><\/p>\n<p>T\u00e9l\u00a0:\u00a0 \u00a0 221 77 638 73 11 \/ <a href=\"mailto:salladoulam@gmail.com\">salladoulam@gmail.com<\/a><\/p>\n<\/div>\n\t\t<\/div><\/div><\/div><\/div>","protected":false},"excerpt":{"rendered":"<p>LE PROJET DU M\u00c9MORIAL DE GOR\u00c9E DANS SON\u00a0ACTUALIT\u00c9\u00a0: LES RAISONS POUR LE CONSTRUIRE\u00a0! \u00a0\u00a0\u00a0\u00a0\u00a0\u00a0\u00a0\u00a0\u00a0Au-del\u00e0 du devoir de m\u00e9moire, cause incontournable, et du devoir du S\u00e9n\u00e9gal d\u2019\u00e9riger un monument du souvenir et du pardon en phase avec la caution de la communaut\u00e9 internationale, le projet du M\u00e9morial de Gor\u00e9e est une volont\u00e9 politique, une affirmation citoyenne, [&hellip;]<\/p>\n","protected":false},"author":1,"featured_media":9847,"comment_status":"open","ping_status":"open","sticky":false,"template":"","format":"standard","meta":{"ngg_post_thumbnail":0},"categories":[9],"tags":[],"_links":{"self":[{"href":"https:\/\/www.culture.gouv.sn\/index.php\/wp-json\/wp\/v2\/posts\/6974"}],"collection":[{"href":"https:\/\/www.culture.gouv.sn\/index.php\/wp-json\/wp\/v2\/posts"}],"about":[{"href":"https:\/\/www.culture.gouv.sn\/index.php\/wp-json\/wp\/v2\/types\/post"}],"author":[{"embeddable":true,"href":"https:\/\/www.culture.gouv.sn\/index.php\/wp-json\/wp\/v2\/users\/1"}],"replies":[{"embeddable":true,"href":"https:\/\/www.culture.gouv.sn\/index.php\/wp-json\/wp\/v2\/comments?post=6974"}],"version-history":[{"count":3,"href":"https:\/\/www.culture.gouv.sn\/index.php\/wp-json\/wp\/v2\/posts\/6974\/revisions"}],"predecessor-version":[{"id":9848,"href":"https:\/\/www.culture.gouv.sn\/index.php\/wp-json\/wp\/v2\/posts\/6974\/revisions\/9848"}],"wp:featuredmedia":[{"embeddable":true,"href":"https:\/\/www.culture.gouv.sn\/index.php\/wp-json\/wp\/v2\/media\/9847"}],"wp:attachment":[{"href":"https:\/\/www.culture.gouv.sn\/index.php\/wp-json\/wp\/v2\/media?parent=6974"}],"wp:term":[{"taxonomy":"category","embeddable":true,"href":"https:\/\/www.culture.gouv.sn\/index.php\/wp-json\/wp\/v2\/categories?post=6974"},{"taxonomy":"post_tag","embeddable":true,"href":"https:\/\/www.culture.gouv.sn\/index.php\/wp-json\/wp\/v2\/tags?post=6974"}],"curies":[{"name":"wp","href":"https:\/\/api.w.org\/{rel}","templated":true}]}}