{"id":7226,"date":"2019-10-23T14:25:17","date_gmt":"2019-10-23T14:25:17","guid":{"rendered":"http:\/\/www.cultureetcommunication.sn\/?p=7226"},"modified":"2019-10-24T10:12:37","modified_gmt":"2019-10-24T10:12:37","slug":"le-conseiller-culturel-chinois-eleve-au-rang-de-commandeur-dans-lordre-national-des-arts-et-des-lettres","status":"publish","type":"post","link":"https:\/\/www.culture.gouv.sn\/index.php\/2019\/10\/23\/le-conseiller-culturel-chinois-eleve-au-rang-de-commandeur-dans-lordre-national-des-arts-et-des-lettres\/","title":{"rendered":"Le Conseiller culturel chinois \u00e9lev\u00e9 au rang&#8230;"},"content":{"rendered":"<div id=\"pl-7226\"  class=\"panel-layout\" ><div id=\"pg-7226-0\"  class=\"panel-grid panel-no-style\" ><div id=\"pgc-7226-0-0\"  class=\"panel-grid-cell\" ><div id=\"panel-7226-0-0-0\" class=\"so-panel widget widget_text panel-first-child panel-last-child\" data-index=\"0\" ><h3 class=\"widget-title\">Le Conseiller culturel chinois \u00e9lev\u00e9 au rang de Commandeur dans l\u2019Ordre national des Arts et des Lettres<\/h3>\t\t\t<div class=\"textwidget\"><p>Apr\u00e8s 10 ans de pr\u00e9sence au S\u00e9n\u00e9gal comme conseiller charg\u00e9 de la culture \u00e0 l\u2019ambassade de la R\u00e9publique populaire de Chine \u00e0 Dakar, M. Mingyuan She a \u00e9t\u00e9 c\u00e9l\u00e9br\u00e9 par le S\u00e9n\u00e9gal.<\/p>\n<p>Nomm\u00e9 au grade de commandeur dans l\u2019ordre des arts et des lettres par Son Excellence Monsieur le Pr\u00e9sident de la R\u00e9publique, c\u2019est le Ministre de la Culture et de la Communication, Abdoulaye Diop qui la officiellement remis cette distinction au diplomate chinois. C\u2019\u00e9tait \u00e0 l\u2019occasion d\u2019une c\u00e9r\u00e9monie \u00e0 son cabinet en pr\u00e9sence des directeurs et chefs de service du D\u00e9partement.<\/p>\n<p>M SHE a d\u2019abord s\u00e9journ\u00e9 dans notre pays de 2007-2011 en qualit\u00e9 de Conseiller culturel \u00e0 l\u2019ambassade de Chine en qualit\u00e9 de Conseiller culturel et de 2014 \u00e0 maintenant aux m\u00eames fonctions.<\/p>\n<p>Il a beaucoup contribu\u00e9 au d\u00e9veloppement des relations diplomatiques entre la Chine et le S\u00e9n\u00e9gal et a \u00e9troitement travaill\u00e9 sur de grands dossiers avec le minist\u00e8re de la culture notamment la construction d\u2019infrastructures culturelles comme le Grand Th\u00e9\u00e2tre national et le Mus\u00e9e des civilisations noires.<\/p>\n<p>Mingyuan She a dit toute sa satisfaction et sa joie aux autorit\u00e9s s\u00e9n\u00e9galaises pour cette marque de reconnaissance \u00e0 son endroit.<\/p>\n<p><img loading=\"lazy\" class=\"alignnone size-medium wp-image-7249\" src=\"http:\/\/www.cultureetcommunication.sn\/wp-content\/uploads\/2019\/10\/IMG-20191023-WA0393-300x225.jpg\" alt=\"\" width=\"300\" height=\"225\" srcset=\"https:\/\/www.culture.gouv.sn\/wp-content\/uploads\/2019\/10\/IMG-20191023-WA0393-300x225.jpg 300w, https:\/\/www.culture.gouv.sn\/wp-content\/uploads\/2019\/10\/IMG-20191023-WA0393-600x450.jpg 600w, https:\/\/www.culture.gouv.sn\/wp-content\/uploads\/2019\/10\/IMG-20191023-WA0393.jpg 720w\" sizes=\"(max-width: 300px) 100vw, 300px\" \/> <img loading=\"lazy\" class=\"alignnone size-medium wp-image-7251\" src=\"http:\/\/www.cultureetcommunication.sn\/wp-content\/uploads\/2019\/10\/IMG-20191023-WA0394-300x225.jpg\" alt=\"\" width=\"300\" height=\"225\" srcset=\"https:\/\/www.culture.gouv.sn\/wp-content\/uploads\/2019\/10\/IMG-20191023-WA0394-300x225.jpg 300w, https:\/\/www.culture.gouv.sn\/wp-content\/uploads\/2019\/10\/IMG-20191023-WA0394-600x450.jpg 600w, https:\/\/www.culture.gouv.sn\/wp-content\/uploads\/2019\/10\/IMG-20191023-WA0394.jpg 720w\" sizes=\"(max-width: 300px) 100vw, 300px\" \/><\/p>\n<\/div>\n\t\t<\/div><\/div><\/div><\/div>","protected":false},"excerpt":{"rendered":"<p>Apr\u00e8s 10 ans de pr\u00e9sence au S\u00e9n\u00e9gal comme conseiller charg\u00e9 de la culture \u00e0 l\u2019ambassade de la R\u00e9publique populaire de Chine \u00e0 Dakar, M. Mingyuan She a \u00e9t\u00e9 c\u00e9l\u00e9br\u00e9 par le S\u00e9n\u00e9gal. Nomm\u00e9 au grade de commandeur dans l\u2019ordre des arts et des lettres par Son Excellence Monsieur le Pr\u00e9sident de la R\u00e9publique, c\u2019est le [&hellip;]<\/p>\n","protected":false},"author":1,"featured_media":7247,"comment_status":"open","ping_status":"open","sticky":false,"template":"","format":"standard","meta":{"ngg_post_thumbnail":0},"categories":[2],"tags":[],"_links":{"self":[{"href":"https:\/\/www.culture.gouv.sn\/index.php\/wp-json\/wp\/v2\/posts\/7226"}],"collection":[{"href":"https:\/\/www.culture.gouv.sn\/index.php\/wp-json\/wp\/v2\/posts"}],"about":[{"href":"https:\/\/www.culture.gouv.sn\/index.php\/wp-json\/wp\/v2\/types\/post"}],"author":[{"embeddable":true,"href":"https:\/\/www.culture.gouv.sn\/index.php\/wp-json\/wp\/v2\/users\/1"}],"replies":[{"embeddable":true,"href":"https:\/\/www.culture.gouv.sn\/index.php\/wp-json\/wp\/v2\/comments?post=7226"}],"version-history":[{"count":11,"href":"https:\/\/www.culture.gouv.sn\/index.php\/wp-json\/wp\/v2\/posts\/7226\/revisions"}],"predecessor-version":[{"id":7255,"href":"https:\/\/www.culture.gouv.sn\/index.php\/wp-json\/wp\/v2\/posts\/7226\/revisions\/7255"}],"wp:featuredmedia":[{"embeddable":true,"href":"https:\/\/www.culture.gouv.sn\/index.php\/wp-json\/wp\/v2\/media\/7247"}],"wp:attachment":[{"href":"https:\/\/www.culture.gouv.sn\/index.php\/wp-json\/wp\/v2\/media?parent=7226"}],"wp:term":[{"taxonomy":"category","embeddable":true,"href":"https:\/\/www.culture.gouv.sn\/index.php\/wp-json\/wp\/v2\/categories?post=7226"},{"taxonomy":"post_tag","embeddable":true,"href":"https:\/\/www.culture.gouv.sn\/index.php\/wp-json\/wp\/v2\/tags?post=7226"}],"curies":[{"name":"wp","href":"https:\/\/api.w.org\/{rel}","templated":true}]}}